{"id":31217,"date":"2018-04-06T10:04:09","date_gmt":"2018-04-06T13:04:09","guid":{"rendered":"https:\/\/eldiariodesanpedro.com.ar\/sitio\/?p=31217"},"modified":"2018-04-06T10:04:09","modified_gmt":"2018-04-06T13:04:09","slug":"se-secuestro-una-moto-abandonada-con-pedido-de-secuestro","status":"publish","type":"post","link":"https:\/\/eldiariodesanpedro.com.ar\/sitio\/se-secuestro-una-moto-abandonada-con-pedido-de-secuestro\/","title":{"rendered":"Se secuestr\u00f3 una moto abandonada con pedido de secuestro"},"content":{"rendered":"<p><!-- VideographyWP Plugin Message: Automatic video embedding prevented by plugin options. --><br \/>\nEste jueves el personal policial en calle Mitre y General Pueyrredon procedi\u00f3 al hallazgo de motocicleta de la marca Honda 110 cc sin conductor, logr\u00e1ndose establecer que sobre esta pesa pedido de secuestro activo bajo caratula robo agravado desde el d\u00eda 03 de julio de 2017, injerencia UFI N\u00b0 5 San Pedro, el rodado fue secuestrado y trasladado a la comisaria local. Interviene UFI N\u00b0 11 San Pedro.<\/p>\n","protected":false},"excerpt":{"rendered":"<p>Este jueves el personal policial en calle Mitre y General Pueyrredon procedi\u00f3 al hallazgo de motocicleta de la marca Honda 110 cc sin conductor, logr\u00e1ndose establecer que sobre esta pesa pedido de secuestro activo bajo caratula robo agravado desde el d\u00eda 03 de julio de 2017, injerencia UFI N\u00b0 5 San Pedro, el rodado fue [&hellip;]<\/p>\n","protected":false},"author":4,"featured_media":19654,"comment_status":"open","ping_status":"closed","sticky":false,"template":"","format":"standard","meta":{"om_disable_all_campaigns":false,"_jetpack_memberships_contains_paid_content":false,"footnotes":""},"categories":[2,103],"tags":[],"class_list":["post-31217","post","type-post","status-publish","format-standard","has-post-thumbnail","hentry","category-locales","category-policiales-locales"],"aioseo_notices":[],"gutentor_comment":0,"jetpack_featured_media_url":"https:\/\/eldiariodesanpedro.com.ar\/sitio\/wp-content\/uploads\/2017\/06\/moto-e1497271939906.jpg","jetpack_shortlink":"https:\/\/wp.me\/p6RhLt-87v","jetpack_sharing_enabled":true,"_links":{"self":[{"href":"https:\/\/eldiariodesanpedro.com.ar\/sitio\/wp-json\/wp\/v2\/posts\/31217","targetHints":{"allow":["GET"]}}],"collection":[{"href":"https:\/\/eldiariodesanpedro.com.ar\/sitio\/wp-json\/wp\/v2\/posts"}],"about":[{"href":"https:\/\/eldiariodesanpedro.com.ar\/sitio\/wp-json\/wp\/v2\/types\/post"}],"author":[{"embeddable":true,"href":"https:\/\/eldiariodesanpedro.com.ar\/sitio\/wp-json\/wp\/v2\/users\/4"}],"replies":[{"embeddable":true,"href":"https:\/\/eldiariodesanpedro.com.ar\/sitio\/wp-json\/wp\/v2\/comments?post=31217"}],"version-history":[{"count":1,"href":"https:\/\/eldiariodesanpedro.com.ar\/sitio\/wp-json\/wp\/v2\/posts\/31217\/revisions"}],"predecessor-version":[{"id":31218,"href":"https:\/\/eldiariodesanpedro.com.ar\/sitio\/wp-json\/wp\/v2\/posts\/31217\/revisions\/31218"}],"wp:featuredmedia":[{"embeddable":true,"href":"https:\/\/eldiariodesanpedro.com.ar\/sitio\/wp-json\/wp\/v2\/media\/19654"}],"wp:attachment":[{"href":"https:\/\/eldiariodesanpedro.com.ar\/sitio\/wp-json\/wp\/v2\/media?parent=31217"}],"wp:term":[{"taxonomy":"category","embeddable":true,"href":"https:\/\/eldiariodesanpedro.com.ar\/sitio\/wp-json\/wp\/v2\/categories?post=31217"},{"taxonomy":"post_tag","embeddable":true,"href":"https:\/\/eldiariodesanpedro.com.ar\/sitio\/wp-json\/wp\/v2\/tags?post=31217"}],"curies":[{"name":"wp","href":"https:\/\/api.w.org\/{rel}","templated":true}]}}