{"id":31212,"date":"2018-04-06T09:33:08","date_gmt":"2018-04-06T12:33:08","guid":{"rendered":"https:\/\/eldiariodesanpedro.com.ar\/sitio\/?p=31212"},"modified":"2018-04-06T09:33:08","modified_gmt":"2018-04-06T12:33:08","slug":"frutos-secos-alternativa-productiva-que-comienza-a-baja-escala","status":"publish","type":"post","link":"https:\/\/eldiariodesanpedro.com.ar\/sitio\/frutos-secos-alternativa-productiva-que-comienza-a-baja-escala\/","title":{"rendered":"Frutos secos: alternativa productiva que comienza a baja escala"},"content":{"rendered":"<p><!-- VideographyWP Plugin Message: Automatic video embedding prevented by plugin options. --><br \/>\nSon reserva de energ\u00eda y fuente de aceites saludables, pero tambi\u00e9n desde el punto de vista productivo, proponen un camino interesante para recorrer. En 2017 INTA San Pedro organiz\u00f3 un encuentro para introducir sobre estos cultivos y el pr\u00f3ximo 26 de abril duplica la apuesta agregando avellano y buscando profundizar la tarea.<\/p>\n<p>Argentina viene creciendo en la producci\u00f3n de frutos secos, y actualmente se calcula la existencia de unas 25 mil hect\u00e1reas plantadas. Aunque hay empresas que superan las 100 hect\u00e1reas de plantaci\u00f3n, la mayor cantidad de productores son medianos y chicos. En algunas de estas especies, la producci\u00f3n no llega a abastecer el mercado interno y en otras, el incremento logra saldos exportables como el caso de nueces a Italia y Brasil, y de pec\u00e1n a China.<\/p>\n<p>Esta jornada gratuita que realizar\u00e1 el INTA San Pedro brindar\u00e1 herramientas para el manejo competitivo de los diferentes cultivos, su bot\u00e1nica vinculada al manejo, sus requerimientos, las plagas y enfermedades que pueden afectarlos, un panorama varietal, rendimientos y mercados, todo ello en el marco de una realidad local y mostrando las oportunidades potenciales de estas especies.<\/p>\n<p>Contar\u00e1 con disertaciones de especialistas como Luis Iannamico de INTA Alto Valle de R\u00edo Negro, y de Enrique Frusso, de INTA Castelar entre otros. El encuentro prev\u00e9 la posibilidad de intercambiar con los especialistas, as\u00ed como recorrer lotes de pec\u00e1n en diferentes establecimientos.<\/p>\n<p>El encuentro es con entrada libre y gratuita, pero los interesados deben reservar su lugar inscribi\u00e9ndose, as\u00ed como prever su almuerzo.<\/p>\n","protected":false},"excerpt":{"rendered":"<p>Son reserva de energ\u00eda y fuente de aceites saludables, pero tambi\u00e9n desde el punto de vista productivo, proponen un camino interesante para recorrer. En 2017 INTA San Pedro organiz\u00f3 un encuentro para introducir sobre estos cultivos y el pr\u00f3ximo 26 de abril duplica la apuesta agregando avellano y buscando profundizar la tarea. Argentina viene creciendo [&hellip;]<\/p>\n","protected":false},"author":4,"featured_media":31213,"comment_status":"open","ping_status":"closed","sticky":false,"template":"","format":"standard","meta":{"om_disable_all_campaigns":false,"_jetpack_memberships_contains_paid_content":false,"footnotes":""},"categories":[101,2],"tags":[],"class_list":["post-31212","post","type-post","status-publish","format-standard","has-post-thumbnail","hentry","category-interes-general-locales","category-locales"],"aioseo_notices":[],"gutentor_comment":0,"jetpack_featured_media_url":"https:\/\/eldiariodesanpedro.com.ar\/sitio\/wp-content\/uploads\/2018\/04\/unnamed-1.png","jetpack_shortlink":"https:\/\/wp.me\/p6RhLt-87q","jetpack_sharing_enabled":true,"_links":{"self":[{"href":"https:\/\/eldiariodesanpedro.com.ar\/sitio\/wp-json\/wp\/v2\/posts\/31212","targetHints":{"allow":["GET"]}}],"collection":[{"href":"https:\/\/eldiariodesanpedro.com.ar\/sitio\/wp-json\/wp\/v2\/posts"}],"about":[{"href":"https:\/\/eldiariodesanpedro.com.ar\/sitio\/wp-json\/wp\/v2\/types\/post"}],"author":[{"embeddable":true,"href":"https:\/\/eldiariodesanpedro.com.ar\/sitio\/wp-json\/wp\/v2\/users\/4"}],"replies":[{"embeddable":true,"href":"https:\/\/eldiariodesanpedro.com.ar\/sitio\/wp-json\/wp\/v2\/comments?post=31212"}],"version-history":[{"count":1,"href":"https:\/\/eldiariodesanpedro.com.ar\/sitio\/wp-json\/wp\/v2\/posts\/31212\/revisions"}],"predecessor-version":[{"id":31214,"href":"https:\/\/eldiariodesanpedro.com.ar\/sitio\/wp-json\/wp\/v2\/posts\/31212\/revisions\/31214"}],"wp:featuredmedia":[{"embeddable":true,"href":"https:\/\/eldiariodesanpedro.com.ar\/sitio\/wp-json\/wp\/v2\/media\/31213"}],"wp:attachment":[{"href":"https:\/\/eldiariodesanpedro.com.ar\/sitio\/wp-json\/wp\/v2\/media?parent=31212"}],"wp:term":[{"taxonomy":"category","embeddable":true,"href":"https:\/\/eldiariodesanpedro.com.ar\/sitio\/wp-json\/wp\/v2\/categories?post=31212"},{"taxonomy":"post_tag","embeddable":true,"href":"https:\/\/eldiariodesanpedro.com.ar\/sitio\/wp-json\/wp\/v2\/tags?post=31212"}],"curies":[{"name":"wp","href":"https:\/\/api.w.org\/{rel}","templated":true}]}}