{"id":31201,"date":"2018-04-05T21:20:31","date_gmt":"2018-04-06T00:20:31","guid":{"rendered":"https:\/\/eldiariodesanpedro.com.ar\/sitio\/?p=31201"},"modified":"2026-01-24T00:16:34","modified_gmt":"2026-01-24T03:16:34","slug":"futbol-para-socios-temaiken-otra-vez-campeon-en-nautico","status":"publish","type":"post","link":"https:\/\/eldiariodesanpedro.com.ar\/sitio\/futbol-para-socios-temaiken-otra-vez-campeon-en-nautico\/","title":{"rendered":"F\u00daTBOL PARA SOCIOS: Temaiken otra vez campe\u00f3n en N\u00e1utico"},"content":{"rendered":"<p><!-- VideographyWP Plugin Message: Automatic video embedding prevented by plugin options. --><br \/>\n  Dep. Temaiken se consagr\u00f3 campe\u00f3n una vez m\u00e1s del Torneo de Verano del certamen interno que organiza el Club N\u00e1utico San Pedro. El resultado fue por 2 -0 ante Depilaci\u00f3n Masiva quienes realizaron un muy buen torneo tambi\u00e9n.<br \/>\n  Con anterioridad a dicha final Quena al Banco se impuso ante Termitinto, qued\u00e1ndose con el tercer puesto del campeonato.<\/p>\n<p><strong>En Pescadores<\/strong><br \/>\n  Desde el domingo 8 de abril da inicio un nuevo Torneo Interno de F\u00fatbol Mayor con 28 equipos, divididos 18 en Zona \u201cA\u201d y 10 en Zona \u201cB\u201d. Adelantamos los partidos de la primera jornada.<\/p>\n<p>  La \u201cA\u201d jugar\u00e1 una rueda para buscar el campe\u00f3n (17 fechas), mientras que la \u201cB\u201d a dos ruedas, ascendiendo 3 y descienden de la \u201cA\u201d igual cantidad.<\/p>\n<p><strong>Primera fecha<\/strong><br \/>\n11 hs- Metegol vs Real Sociedad\/Animales Sueltos vs. Los Celtas<br \/>\n12 hs- MDQ vs La Gambeta\/Los Elegidos vs. Cabezones<br \/>\n13 hs- Casi vs El Alba\/El Rejunte vs. El Aguante<br \/>\n14 hs- By Pato VS La Herradura\/Balanc\u00edn vs. El Fort\u00edn<br \/>\n15 hs- UECARA vs Aston Birra\/TDF vs. Bonus Track<br \/>\n16 hs- Pachorra vs The Crack\/El 08 vs. La Nueva Estrella<br \/>\n17 hs- Sp. Iguana vs Pelito FC\/Los Pumas vs. El topo y la balacera<\/p>\n","protected":false},"excerpt":{"rendered":"<p>Dep. Temaiken se consagr\u00f3 campe\u00f3n una vez m\u00e1s del Torneo de Verano del certamen interno que organiza el Club N\u00e1utico San Pedro. El resultado fue por 2 -0 ante Depilaci\u00f3n Masiva quienes realizaron un muy buen torneo tambi\u00e9n. Con anterioridad a dicha final Quena al Banco se impuso ante Termitinto, qued\u00e1ndose con el tercer puesto [&hellip;]<\/p>\n","protected":false},"author":4,"featured_media":31209,"comment_status":"open","ping_status":"closed","sticky":false,"template":"","format":"standard","meta":{"om_disable_all_campaigns":false,"_jetpack_memberships_contains_paid_content":false,"footnotes":""},"categories":[5],"tags":[],"class_list":["post-31201","post","type-post","status-publish","format-standard","has-post-thumbnail","hentry","category-deportes"],"aioseo_notices":[],"gutentor_comment":0,"jetpack_featured_media_url":"https:\/\/eldiariodesanpedro.com.ar\/sitio\/wp-content\/uploads\/2018\/04\/El-campeon-con-varios-nombres-que-fueron-figuras-en-el-futbol-local.jpg","jetpack_shortlink":"https:\/\/wp.me\/p6RhLt-87f","jetpack_sharing_enabled":true,"_links":{"self":[{"href":"https:\/\/eldiariodesanpedro.com.ar\/sitio\/wp-json\/wp\/v2\/posts\/31201","targetHints":{"allow":["GET"]}}],"collection":[{"href":"https:\/\/eldiariodesanpedro.com.ar\/sitio\/wp-json\/wp\/v2\/posts"}],"about":[{"href":"https:\/\/eldiariodesanpedro.com.ar\/sitio\/wp-json\/wp\/v2\/types\/post"}],"author":[{"embeddable":true,"href":"https:\/\/eldiariodesanpedro.com.ar\/sitio\/wp-json\/wp\/v2\/users\/4"}],"replies":[{"embeddable":true,"href":"https:\/\/eldiariodesanpedro.com.ar\/sitio\/wp-json\/wp\/v2\/comments?post=31201"}],"version-history":[{"count":1,"href":"https:\/\/eldiariodesanpedro.com.ar\/sitio\/wp-json\/wp\/v2\/posts\/31201\/revisions"}],"predecessor-version":[{"id":31210,"href":"https:\/\/eldiariodesanpedro.com.ar\/sitio\/wp-json\/wp\/v2\/posts\/31201\/revisions\/31210"}],"wp:featuredmedia":[{"embeddable":true,"href":"https:\/\/eldiariodesanpedro.com.ar\/sitio\/wp-json\/wp\/v2\/media\/31209"}],"wp:attachment":[{"href":"https:\/\/eldiariodesanpedro.com.ar\/sitio\/wp-json\/wp\/v2\/media?parent=31201"}],"wp:term":[{"taxonomy":"category","embeddable":true,"href":"https:\/\/eldiariodesanpedro.com.ar\/sitio\/wp-json\/wp\/v2\/categories?post=31201"},{"taxonomy":"post_tag","embeddable":true,"href":"https:\/\/eldiariodesanpedro.com.ar\/sitio\/wp-json\/wp\/v2\/tags?post=31201"}],"curies":[{"name":"wp","href":"https:\/\/api.w.org\/{rel}","templated":true}]}}