{"id":31189,"date":"2018-04-05T20:59:42","date_gmt":"2018-04-05T23:59:42","guid":{"rendered":"https:\/\/eldiariodesanpedro.com.ar\/sitio\/?p=31189"},"modified":"2018-04-05T20:59:42","modified_gmt":"2018-04-05T23:59:42","slug":"san-nicolas-detuvieron-a-otro-sujeto-por-el-brutal-robo-en-la-emilia","status":"publish","type":"post","link":"https:\/\/eldiariodesanpedro.com.ar\/sitio\/san-nicolas-detuvieron-a-otro-sujeto-por-el-brutal-robo-en-la-emilia\/","title":{"rendered":"SAN NICOL\u00c1S: Detuvieron a otro sujeto por el brutal robo en La Emilia"},"content":{"rendered":"<p><!-- VideographyWP Plugin Message: Automatic video embedding prevented by plugin options. --><br \/>\nEn el mes de marzo sujetos desconocidos ingresaron a una vivienda de La Emilia donde, tras golpear brutalmente a sus moradores, se llevaron varios objetos. En un primer momento la polic\u00eda detuvo a una mujer, d\u00edas despu\u00e9s se concret\u00f3 la detenci\u00f3n de otro involucrado en el hecho y ayer, se aprehendi\u00f3 a un tercero.<\/p>\n<p>  En relaci\u00f3n al il\u00edcito ocurrido en La Emilia el mes pasado, donde una familia fue brutalmente atacada, robada y maniatada por desconocidos, teniendo este caso una masiva connotaci\u00f3n period\u00edstica, repercusi\u00f3n en redes sociales y preocupaci\u00f3n en la vecina localidad, se logr\u00f3 una tercera aprehensi\u00f3n, en este caso de quien ser\u00eda otro de los que perpetraron el violento hecho.<\/p>\n<p>  Ya en el comienzo de la investigaci\u00f3n y a ra\u00edz de las primeras tareas investigativas realizadas, lograron la detenci\u00f3n de una mujer de 29 a\u00f1os, aprehendida por personal de la DDI en un domicilio cercano al de las v\u00edctimas. D\u00edas despu\u00e9s, tras arduas tareas realizadas, como an\u00e1lisis de c\u00e1maras, declaraci\u00f3n de testimonios recepcionados, tareas de campo y tras el cotejo de todos los elementos recabados como material de prueba, los cuales fueron examinados en mesa de trabajo, determinaron que la mujer no actu\u00f3 sola en el hecho, estableci\u00e9ndose tambi\u00e9n la autor\u00eda de un muchacho mayor de edad (19 a\u00f1os) quien fue detenido.<\/p>\n<p>  En el robo y golpiza a la familia emiliana los testigos mencionaron a un segundo sujeto de sexo masculino y sobre quien estaba orientada la investigaci\u00f3n para poder resolver finalmente el caso. <\/p>\n<p>  As\u00ed fue como se continu\u00f3 con la l\u00ednea investigativa que conllev\u00f3 a la recolecci\u00f3n de nuevas pruebas fehacientes que compromet\u00edan la situaci\u00f3n procesal de otro sujeto de 27 a\u00f1os, siendo este participante\/autor material en relaci\u00f3n al hecho. <\/p>\n<p>  Estos elementos fueron judicializados y elevados al magistrado de intervenci\u00f3n: Dra. Ba\u00f1os de la UFI N\u00b0 3 a los fines de solicitarle Orden de Detenci\u00f3n para el sindicado, medida que fue otorgada por el Juzgado de Garant\u00edas N\u00b0 2 S.S. Dr. Prati.<\/p>\n<p><strong>Detenci\u00f3n<\/strong><br \/>\n  Con la orden en la mano, personal policial procedi\u00f3 a la detenci\u00f3n del sospechoso en un domicilio de calle Echeverr\u00eda, para luego ser trasladado al asiento de la DDI I San Nicol\u00e1s.<\/p>\n<p>  Interiorizada la agente fiscal de injerencia Dra. Ba\u00f1os, aval\u00f3 lo actuado y dispuso que se notifique del Art\u00edculo 60 del C.P.P por el delito de robo calificado.<\/p>\n<p>  Con estas detenciones, pr\u00e1cticamente ya se pudo esclarecer este terrible episodio que tuvo en vilo a toda una comunidad. Recordemos que familiares de las v\u00edctimas hab\u00edan denunciado en este medio que hab\u00edan sido amenazados y que ten\u00edan temor de volver a su hogar. <\/p>\n<p><strong>El robo<\/strong><br \/>\n  Por lo que se pudo saber de esa terrible madrugada, Juan \u00c1ngel, que se encontraba viendo televisi\u00f3n en el sill\u00f3n, sinti\u00f3 un fuerte golpe en el frente y observ\u00f3 como la puerta se abr\u00eda violentamente entrando dos sujetos con el rostro cubierto y armados. Antes de que atine a nada, uno lo golpe\u00f3 con la culata del arma y el otro se dirigi\u00f3 al dormitorio donde se encontraba su pareja durmiendo, golpe\u00e1ndola tambi\u00e9n y sac\u00e1ndola del cuarto con mucha vehemencia. En ese momento, en otra habitaci\u00f3n, se encontraba la hija con su esposo descansando, los mismos hab\u00edan llegado de un viaje y al sentir los gritos y los ruidos intentaron bloquear la puerta. Ante los golpes del atracador que no lograba pasar, este grit\u00f3, seg\u00fan lo que expresaron a la polic\u00eda, que les abrieran o le disparar\u00edan al padre, quien segu\u00eda recibiendo golpes. Fue ah\u00ed donde desistieron y dejaron pasar a los delincuentes que tambi\u00e9n los redujeron.<\/p>\n<p>  Los asaltantes ataron a todos con ropa y cinta aisladora. Luego comenzaron a revolver la casa buscando dinero y objetos de valor. R\u00e1pidamente los delincuentes tomaron una importante suma de efectivo, billeteras tel\u00e9fonos, joyas y huyeron del lugar. El muchacho logr\u00f3 desprenderse de la cinta aisladora y sali\u00f3 a perseguirlos, pero ya no estaban. <\/p>\n<p>Fuente: Diario El Norte<\/p>\n","protected":false},"excerpt":{"rendered":"<p>En el mes de marzo sujetos desconocidos ingresaron a una vivienda de La Emilia donde, tras golpear brutalmente a sus moradores, se llevaron varios objetos. En un primer momento la polic\u00eda detuvo a una mujer, d\u00edas despu\u00e9s se concret\u00f3 la detenci\u00f3n de otro involucrado en el hecho y ayer, se aprehendi\u00f3 a un tercero. En [&hellip;]<\/p>\n","protected":false},"author":4,"featured_media":31191,"comment_status":"open","ping_status":"closed","sticky":false,"template":"","format":"standard","meta":{"om_disable_all_campaigns":false,"_jetpack_memberships_contains_paid_content":false,"footnotes":""},"categories":[621],"tags":[],"class_list":["post-31189","post","type-post","status-publish","format-standard","has-post-thumbnail","hentry","category-regionales"],"aioseo_notices":[],"gutentor_comment":0,"jetpack_featured_media_url":"https:\/\/eldiariodesanpedro.com.ar\/sitio\/wp-content\/uploads\/2018\/04\/Un-tercer-detenido-por-el-violento-robo-en-La-Emilia.jpg","jetpack_shortlink":"https:\/\/wp.me\/p6RhLt-873","jetpack_sharing_enabled":true,"_links":{"self":[{"href":"https:\/\/eldiariodesanpedro.com.ar\/sitio\/wp-json\/wp\/v2\/posts\/31189","targetHints":{"allow":["GET"]}}],"collection":[{"href":"https:\/\/eldiariodesanpedro.com.ar\/sitio\/wp-json\/wp\/v2\/posts"}],"about":[{"href":"https:\/\/eldiariodesanpedro.com.ar\/sitio\/wp-json\/wp\/v2\/types\/post"}],"author":[{"embeddable":true,"href":"https:\/\/eldiariodesanpedro.com.ar\/sitio\/wp-json\/wp\/v2\/users\/4"}],"replies":[{"embeddable":true,"href":"https:\/\/eldiariodesanpedro.com.ar\/sitio\/wp-json\/wp\/v2\/comments?post=31189"}],"version-history":[{"count":1,"href":"https:\/\/eldiariodesanpedro.com.ar\/sitio\/wp-json\/wp\/v2\/posts\/31189\/revisions"}],"predecessor-version":[{"id":31192,"href":"https:\/\/eldiariodesanpedro.com.ar\/sitio\/wp-json\/wp\/v2\/posts\/31189\/revisions\/31192"}],"wp:featuredmedia":[{"embeddable":true,"href":"https:\/\/eldiariodesanpedro.com.ar\/sitio\/wp-json\/wp\/v2\/media\/31191"}],"wp:attachment":[{"href":"https:\/\/eldiariodesanpedro.com.ar\/sitio\/wp-json\/wp\/v2\/media?parent=31189"}],"wp:term":[{"taxonomy":"category","embeddable":true,"href":"https:\/\/eldiariodesanpedro.com.ar\/sitio\/wp-json\/wp\/v2\/categories?post=31189"},{"taxonomy":"post_tag","embeddable":true,"href":"https:\/\/eldiariodesanpedro.com.ar\/sitio\/wp-json\/wp\/v2\/tags?post=31189"}],"curies":[{"name":"wp","href":"https:\/\/api.w.org\/{rel}","templated":true}]}}