{"id":31187,"date":"2018-04-05T20:57:38","date_gmt":"2018-04-05T23:57:38","guid":{"rendered":"https:\/\/eldiariodesanpedro.com.ar\/sitio\/?p=31187"},"modified":"2018-04-05T20:57:38","modified_gmt":"2018-04-05T23:57:38","slug":"san-nicolas-vecino-nicoleno-atropello-con-su-auto-a-quienes-habian-intentado-robarle","status":"publish","type":"post","link":"https:\/\/eldiariodesanpedro.com.ar\/sitio\/san-nicolas-vecino-nicoleno-atropello-con-su-auto-a-quienes-habian-intentado-robarle\/","title":{"rendered":"SAN NICOL\u00c1S: Vecino nicole\u00f1o atropell\u00f3 con su auto a quienes hab\u00edan intentado robarle"},"content":{"rendered":"<p><!-- VideographyWP Plugin Message: Automatic video embedding prevented by plugin options. --><br \/>\nEn la noche del martes, dos sujetos a bordo de una motocicleta habr\u00edan intentado robar a un vecino al momento que ingresaba su auto al garaje. \u00c9ste los persigui\u00f3 y atropell\u00f3, lesionando a uno de los atracadores.<\/p>\n<p>  Es un segundo de bronca, de indignaci\u00f3n, en el que cuesta pensar, un segundo que se hace eterno y las pulsaciones vuelan a mil. Es un segundo de furia.<\/p>\n<p>  Fue en un domicilio de calle Echague cuando el hombre, un profesor de educaci\u00f3n f\u00edsica de 37 a\u00f1os, estacion\u00f3 su auto y comenz\u00f3 a abrir el garaje para ingresarlo. En ese momento par\u00f3 una motocicleta en la cual se trasladaban dos sujetos, uno de ellos armado, lo intimidaron, aparentemente con el arma y le exigieron que les entregara la mochila y el tel\u00e9fono celular. La v\u00edctima se resisti\u00f3 al robo, no permiti\u00f3 que se llevaran sus pertenencias, no pens\u00f3 en el arma. <\/p>\n<p>  Al verse los delincuentes acorralados y con temor a ser atrapados, ya que empezaba a generarse un movimiento en el barrio, intentaron emprender la huida. El vecino indignado por lo ocurrido y aun con las pulsaciones a mil, se volvi\u00f3 a subir al coche y aceler\u00f3 logrando impactar con su autom\u00f3vil a la motocicleta. Quien iba de acompa\u00f1ante alcanz\u00f3 a saltar a un costado y emprendi\u00f3 la huida a pie, mientras que el que manejaba termin\u00f3 tendido en el asfalto. <\/p>\n<p>  El conductor del auto pidi\u00f3 ayuda al 911 y al lugar r\u00e1pidamente llegaron efectivos de la Polic\u00eda Local quienes aprehendieron al frustrado delincuente y procedieron al secuestro de los veh\u00edculos involucrados en el accionar a los fines de saber fehacientemente lo ocurrido.  El detenido fue trasladado al Hospital San Felipe donde le determinaron que el car\u00e1cter de las lesiones era leve.<\/p>\n<p>  Un segundo de bronca que pudo terminar en muerte, la suya o la del asaltante. Un segundo cuyas consecuencias podr\u00edan haber durado toda la vida.<\/p>\n<p><strong>El caso anterior<\/strong><br \/>\n  Recordemos que d\u00edas pasados en barrio Colombo, vecinos indignados le dieron una brutal paliza a un sujeto que acababa de intentar robarle la moto a un trabajador. En esta ocasi\u00f3n, la gente, lejos de esperar a la Polic\u00eda, opt\u00f3 por actuar y detener al malviviente golpe\u00e1ndolo. <\/p>\n<p>  Seg\u00fan los dichos de los vecinos, el delincuente golpeado iba con otro sujeto en moto y advirtieron un rodado solitario, fuera de una casa en construcci\u00f3n. El due\u00f1o del mismo, un alba\u00f1il, hab\u00eda bajado unos minutos a revisar una obra y hab\u00eda dejado la motocicleta con la llave puesta sin imaginar que en tan breve lapso de tiempo la pod\u00edan robar. El sujeto baj\u00f3 de la moto y enseguida se subi\u00f3 al rodado ajeno, empezando a patearlo para hacerlo arrancar. Esta maniobra fue advertida por la gente que comenz\u00f3 a gritar, era cerca del mediod\u00eda y el ladr\u00f3n empez\u00f3 a correr llevando la moto a cuestas. Cuando vio que lo pod\u00edan alcanzar la tir\u00f3 a un costado y sigui\u00f3 corriendo mientras otros lo persegu\u00edan. Un cascote vol\u00f3 por el aire y dio en la espalda del fugitivo quien se desplom\u00f3 en el piso, enseguida otro joven literalmente se le trep\u00f3 y comenz\u00f3 a golpearlo. El sujeto intent\u00f3 defenderse, pero el muchacho lo trab\u00f3 y otros llegaron sum\u00e1ndose a los golpes, las patadas. S\u00f3lo la llegada de la Polic\u00eda impidi\u00f3 que la golpiza llegara a niveles peligrosos. <\/p>\n<p>Fuente: Diario El Norte<\/p>\n","protected":false},"excerpt":{"rendered":"<p>En la noche del martes, dos sujetos a bordo de una motocicleta habr\u00edan intentado robar a un vecino al momento que ingresaba su auto al garaje. \u00c9ste los persigui\u00f3 y atropell\u00f3, lesionando a uno de los atracadores. Es un segundo de bronca, de indignaci\u00f3n, en el que cuesta pensar, un segundo que se hace eterno [&hellip;]<\/p>\n","protected":false},"author":4,"featured_media":31188,"comment_status":"open","ping_status":"closed","sticky":false,"template":"","format":"standard","meta":{"om_disable_all_campaigns":false,"_jetpack_memberships_contains_paid_content":false,"footnotes":""},"categories":[621],"tags":[],"class_list":["post-31187","post","type-post","status-publish","format-standard","has-post-thumbnail","hentry","category-regionales"],"aioseo_notices":[],"gutentor_comment":0,"jetpack_featured_media_url":"https:\/\/eldiariodesanpedro.com.ar\/sitio\/wp-content\/uploads\/2018\/04\/policia-local-san-nicolas.jpg","jetpack_shortlink":"https:\/\/wp.me\/p6RhLt-871","jetpack_sharing_enabled":true,"_links":{"self":[{"href":"https:\/\/eldiariodesanpedro.com.ar\/sitio\/wp-json\/wp\/v2\/posts\/31187","targetHints":{"allow":["GET"]}}],"collection":[{"href":"https:\/\/eldiariodesanpedro.com.ar\/sitio\/wp-json\/wp\/v2\/posts"}],"about":[{"href":"https:\/\/eldiariodesanpedro.com.ar\/sitio\/wp-json\/wp\/v2\/types\/post"}],"author":[{"embeddable":true,"href":"https:\/\/eldiariodesanpedro.com.ar\/sitio\/wp-json\/wp\/v2\/users\/4"}],"replies":[{"embeddable":true,"href":"https:\/\/eldiariodesanpedro.com.ar\/sitio\/wp-json\/wp\/v2\/comments?post=31187"}],"version-history":[{"count":1,"href":"https:\/\/eldiariodesanpedro.com.ar\/sitio\/wp-json\/wp\/v2\/posts\/31187\/revisions"}],"predecessor-version":[{"id":31190,"href":"https:\/\/eldiariodesanpedro.com.ar\/sitio\/wp-json\/wp\/v2\/posts\/31187\/revisions\/31190"}],"wp:featuredmedia":[{"embeddable":true,"href":"https:\/\/eldiariodesanpedro.com.ar\/sitio\/wp-json\/wp\/v2\/media\/31188"}],"wp:attachment":[{"href":"https:\/\/eldiariodesanpedro.com.ar\/sitio\/wp-json\/wp\/v2\/media?parent=31187"}],"wp:term":[{"taxonomy":"category","embeddable":true,"href":"https:\/\/eldiariodesanpedro.com.ar\/sitio\/wp-json\/wp\/v2\/categories?post=31187"},{"taxonomy":"post_tag","embeddable":true,"href":"https:\/\/eldiariodesanpedro.com.ar\/sitio\/wp-json\/wp\/v2\/tags?post=31187"}],"curies":[{"name":"wp","href":"https:\/\/api.w.org\/{rel}","templated":true}]}}