{"id":31181,"date":"2018-04-05T20:55:07","date_gmt":"2018-04-05T23:55:07","guid":{"rendered":"https:\/\/eldiariodesanpedro.com.ar\/sitio\/?p=31181"},"modified":"2018-04-05T20:55:07","modified_gmt":"2018-04-05T23:55:07","slug":"zarate-operativo-contra-la-caza-furtiva","status":"publish","type":"post","link":"https:\/\/eldiariodesanpedro.com.ar\/sitio\/zarate-operativo-contra-la-caza-furtiva\/","title":{"rendered":"Z\u00c1RATE: Operativo contra la caza furtiva"},"content":{"rendered":"<p><!-- VideographyWP Plugin Message: Automatic video embedding prevented by plugin options. --><br \/>\nEl Ministerio de Ambiente y Desarrollo Sustentable de Argentina encabez\u00f3 un operativo de control de la caza furtiva y del combate del tr\u00e1fico de fauna en la localidad de Z\u00e1rate, provincia de Buenos Aires.<\/p>\n<p>  El procedimiento se realiz\u00f3 junto con el Escuadr\u00f3n n\u00b063 Z\u00e1rate Brazo Largo de Gendarmer\u00eda Nacional y con la Direcci\u00f3n de \u00c1reas Naturales Protegidas de la provincia de Buenos Aires y busc\u00f3 detener el paso ilegal de transporte de fauna silvestre.<\/p>\n<p>  Juan Trebino, subsecretario de Fiscalizaci\u00f3n y Recomposici\u00f3n Ambiental explic\u00f3: \u201cEstamos trabajando fuertemente junto con las fuerzas de seguridad para combatir el flagelo del tr\u00e1fico de fauna en las rutas del territorio argentino. En ese sentido, la labor que llevamos adelante, desde el Ministerio que encabeza Sergio Bergman, tiene como fin profundizar la presencia del Estado nacional en la lucha contra este delito\u201d, se\u00f1al\u00f3 Trebino.<br \/>\n  La localizaci\u00f3n del operativo se supedit\u00f3 al objetivo de controlar y evitar la caza, entre otras, del ciervo de los pantanos que habita el Delta del Paran\u00e1. Esta especie es la m\u00e1s grande de Am\u00e9rica del sur, vive a 40 kil\u00f3metros de la Capital Federal y fue v\u00edctima de varios episodios de caza furtiva.<\/p>\n<p>  Este ciervo est\u00e1 en peligro de extinci\u00f3n y su caza o captura se encuentra prohibida por la ley. En Buenos Aires y Entre R\u00edos lo declararon Monumento Natural Provincial, m\u00e1ximo grado de protecci\u00f3n que puede alcanzar una especie. Un macho adulto puede llegar a pesar hasta 150 kilos y sus astas pueden alcanzar 14 puntas. Este es el \u00fanico ciervo que vive en zona de humedales, por lo que se lo conoce como el ciervo anfibio. Las dem\u00e1s especies viven en pastizales o bosques.<\/p>\n<p>  La captura, acopio, transporte, compra y venta ilegal de fauna silvestre constituye un delito en todo el territorio nacional. El Ministerio de Ambiente y Desarrollo Sustentable de la Naci\u00f3n trabaja para combatir el tr\u00e1fico ilegal de animales en el marco de la Ley N\u00ba. 22421, que establece la conservaci\u00f3n de la fauna silvestre.<\/p>\n<p>Fuente: Enlace Cr\u00edtico<\/p>\n","protected":false},"excerpt":{"rendered":"<p>El Ministerio de Ambiente y Desarrollo Sustentable de Argentina encabez\u00f3 un operativo de control de la caza furtiva y del combate del tr\u00e1fico de fauna en la localidad de Z\u00e1rate, provincia de Buenos Aires. El procedimiento se realiz\u00f3 junto con el Escuadr\u00f3n n\u00b063 Z\u00e1rate Brazo Largo de Gendarmer\u00eda Nacional y con la Direcci\u00f3n de \u00c1reas [&hellip;]<\/p>\n","protected":false},"author":4,"featured_media":31185,"comment_status":"open","ping_status":"closed","sticky":false,"template":"","format":"standard","meta":{"om_disable_all_campaigns":false,"_jetpack_memberships_contains_paid_content":false,"footnotes":""},"categories":[621],"tags":[],"class_list":["post-31181","post","type-post","status-publish","format-standard","has-post-thumbnail","hentry","category-regionales"],"aioseo_notices":[],"gutentor_comment":0,"jetpack_featured_media_url":"https:\/\/eldiariodesanpedro.com.ar\/sitio\/wp-content\/uploads\/2018\/04\/operativo-contra-la-caza-furtiva.jpg","jetpack_shortlink":"https:\/\/wp.me\/p6RhLt-86V","jetpack_sharing_enabled":true,"_links":{"self":[{"href":"https:\/\/eldiariodesanpedro.com.ar\/sitio\/wp-json\/wp\/v2\/posts\/31181","targetHints":{"allow":["GET"]}}],"collection":[{"href":"https:\/\/eldiariodesanpedro.com.ar\/sitio\/wp-json\/wp\/v2\/posts"}],"about":[{"href":"https:\/\/eldiariodesanpedro.com.ar\/sitio\/wp-json\/wp\/v2\/types\/post"}],"author":[{"embeddable":true,"href":"https:\/\/eldiariodesanpedro.com.ar\/sitio\/wp-json\/wp\/v2\/users\/4"}],"replies":[{"embeddable":true,"href":"https:\/\/eldiariodesanpedro.com.ar\/sitio\/wp-json\/wp\/v2\/comments?post=31181"}],"version-history":[{"count":1,"href":"https:\/\/eldiariodesanpedro.com.ar\/sitio\/wp-json\/wp\/v2\/posts\/31181\/revisions"}],"predecessor-version":[{"id":31186,"href":"https:\/\/eldiariodesanpedro.com.ar\/sitio\/wp-json\/wp\/v2\/posts\/31181\/revisions\/31186"}],"wp:featuredmedia":[{"embeddable":true,"href":"https:\/\/eldiariodesanpedro.com.ar\/sitio\/wp-json\/wp\/v2\/media\/31185"}],"wp:attachment":[{"href":"https:\/\/eldiariodesanpedro.com.ar\/sitio\/wp-json\/wp\/v2\/media?parent=31181"}],"wp:term":[{"taxonomy":"category","embeddable":true,"href":"https:\/\/eldiariodesanpedro.com.ar\/sitio\/wp-json\/wp\/v2\/categories?post=31181"},{"taxonomy":"post_tag","embeddable":true,"href":"https:\/\/eldiariodesanpedro.com.ar\/sitio\/wp-json\/wp\/v2\/tags?post=31181"}],"curies":[{"name":"wp","href":"https:\/\/api.w.org\/{rel}","templated":true}]}}