{"id":31180,"date":"2018-04-05T20:54:26","date_gmt":"2018-04-05T23:54:26","guid":{"rendered":"https:\/\/eldiariodesanpedro.com.ar\/sitio\/?p=31180"},"modified":"2018-04-05T20:54:26","modified_gmt":"2018-04-05T23:54:26","slug":"zarate-se-retiraron-15-mil-kg-de-pilas-y-baterias-en-desuso","status":"publish","type":"post","link":"https:\/\/eldiariodesanpedro.com.ar\/sitio\/zarate-se-retiraron-15-mil-kg-de-pilas-y-baterias-en-desuso\/","title":{"rendered":"Z\u00c1RATE: Se retiraron 15 mil kg de pilas y bater\u00edas en desuso"},"content":{"rendered":"<p><!-- VideographyWP Plugin Message: Automatic video embedding prevented by plugin options. --><br \/>\nA trav\u00e9s del programa municipal \u201cPonete las pilas\u201d -con la colaboraci\u00f3n de vecinos, comercios e instituciones- se retiraron 15000 kg de pilas y bater\u00edas en desuso.<\/p>\n<p>  El retiro cont\u00f3 con el acompa\u00f1amiento de la Subsecretar\u00eda de Medio Ambiente de campana y estuvo a cargo de la empresa Recovering que hace el tratamiento de este tipo de residuos.<\/p>\n<p>  La importante cantidad recolectada surge de la continua participaci\u00f3n de los vecinos y el compromiso de comercios e instituciones adheridas que funcionan como puestos de dep\u00f3sito.<\/p>\n<p>  \u201cEste programa permite disminuir cantidades importantes de residuos peligrosos. Es imprescindible que tengan un tratamiento especial ya que, en caso de ser desechados junto con los residuos domiciliarios, llegan al sitio de disposici\u00f3n final contaminando el suelo hasta llegar a las napas de agua\u201d, informaron desde la Subsecretar\u00eda.<br \/>\n  Desde el \u00e1rea tambi\u00e9n resaltaron que \u201cun manejo responsable de este tipo de residuos logra reducir los impactos negativo en el ambiente y, en consecuencia, en la salud de los vecinos\u201d.<\/p>\n<p>Fuente: Enlace Cr\u00edtico<\/p>\n","protected":false},"excerpt":{"rendered":"<p>A trav\u00e9s del programa municipal \u201cPonete las pilas\u201d -con la colaboraci\u00f3n de vecinos, comercios e instituciones- se retiraron 15000 kg de pilas y bater\u00edas en desuso. El retiro cont\u00f3 con el acompa\u00f1amiento de la Subsecretar\u00eda de Medio Ambiente de campana y estuvo a cargo de la empresa Recovering que hace el tratamiento de este tipo [&hellip;]<\/p>\n","protected":false},"author":4,"featured_media":31183,"comment_status":"open","ping_status":"closed","sticky":false,"template":"","format":"standard","meta":{"om_disable_all_campaigns":false,"_jetpack_memberships_contains_paid_content":false,"footnotes":""},"categories":[621],"tags":[],"class_list":["post-31180","post","type-post","status-publish","format-standard","has-post-thumbnail","hentry","category-regionales"],"aioseo_notices":[],"gutentor_comment":0,"jetpack_featured_media_url":"https:\/\/eldiariodesanpedro.com.ar\/sitio\/wp-content\/uploads\/2018\/04\/Se-retiraron-15-mil-kg-de-pilas-y-bater\u00edas-en-desuso.jpg","jetpack_shortlink":"https:\/\/wp.me\/p6RhLt-86U","jetpack_sharing_enabled":true,"_links":{"self":[{"href":"https:\/\/eldiariodesanpedro.com.ar\/sitio\/wp-json\/wp\/v2\/posts\/31180","targetHints":{"allow":["GET"]}}],"collection":[{"href":"https:\/\/eldiariodesanpedro.com.ar\/sitio\/wp-json\/wp\/v2\/posts"}],"about":[{"href":"https:\/\/eldiariodesanpedro.com.ar\/sitio\/wp-json\/wp\/v2\/types\/post"}],"author":[{"embeddable":true,"href":"https:\/\/eldiariodesanpedro.com.ar\/sitio\/wp-json\/wp\/v2\/users\/4"}],"replies":[{"embeddable":true,"href":"https:\/\/eldiariodesanpedro.com.ar\/sitio\/wp-json\/wp\/v2\/comments?post=31180"}],"version-history":[{"count":1,"href":"https:\/\/eldiariodesanpedro.com.ar\/sitio\/wp-json\/wp\/v2\/posts\/31180\/revisions"}],"predecessor-version":[{"id":31184,"href":"https:\/\/eldiariodesanpedro.com.ar\/sitio\/wp-json\/wp\/v2\/posts\/31180\/revisions\/31184"}],"wp:featuredmedia":[{"embeddable":true,"href":"https:\/\/eldiariodesanpedro.com.ar\/sitio\/wp-json\/wp\/v2\/media\/31183"}],"wp:attachment":[{"href":"https:\/\/eldiariodesanpedro.com.ar\/sitio\/wp-json\/wp\/v2\/media?parent=31180"}],"wp:term":[{"taxonomy":"category","embeddable":true,"href":"https:\/\/eldiariodesanpedro.com.ar\/sitio\/wp-json\/wp\/v2\/categories?post=31180"},{"taxonomy":"post_tag","embeddable":true,"href":"https:\/\/eldiariodesanpedro.com.ar\/sitio\/wp-json\/wp\/v2\/tags?post=31180"}],"curies":[{"name":"wp","href":"https:\/\/api.w.org\/{rel}","templated":true}]}}