{"id":31178,"date":"2018-04-05T20:52:23","date_gmt":"2018-04-05T23:52:23","guid":{"rendered":"https:\/\/eldiariodesanpedro.com.ar\/sitio\/?p=31178"},"modified":"2018-04-05T20:52:23","modified_gmt":"2018-04-05T23:52:23","slug":"paritaria-estatal-ate-bonaerense-rechaza-el-aumento-de-un-15-en-cuotas","status":"publish","type":"post","link":"https:\/\/eldiariodesanpedro.com.ar\/sitio\/paritaria-estatal-ate-bonaerense-rechaza-el-aumento-de-un-15-en-cuotas\/","title":{"rendered":"Paritaria estatal: ATE bonaerense rechaza el aumento de un 15% en cuotas"},"content":{"rendered":"<p><!-- VideographyWP Plugin Message: Automatic video embedding prevented by plugin options. --><br \/>\nATE provincia de Buenos Aires rechaza de manera categ\u00f3rica la propuesta salarial de un 15% en tres cuotas, que ha hecho el gobierno provincial para los trabajadores y trabajadoras de la Ley 10430.<\/p>\n<p>  \u201cLo hacemos porque un 15% en cuotas no alcanza a contemplar la proyecci\u00f3n inflacionaria de este a\u00f1o y porque adem\u00e1s no contempla la recuperaci\u00f3n del poder adquisitivo perdido en 2016 que oscila entre un 7% y un 11% seg\u00fan el tramo de meses que se tome. Adem\u00e1s, no instala la cl\u00e1usula gatillo que ten\u00eda el acuerdo paritario del a\u00f1o pasado\u201d, sostuvo el secretario general de ATE y la CTA Aut\u00f3noma bonaerense, Oscar de Isasi.<\/p>\n<p>  En relaci\u00f3n a la cl\u00e1usula de revisi\u00f3n propuesta por el gobierno, de Isasi se\u00f1al\u00f3 que: \u201cLa cl\u00e1usula de revisi\u00f3n que plantea esta propuesta no necesariamente se va a cumplir porque esto no sucedi\u00f3 con los docentes en 2016 donde hab\u00eda un compromiso similar. En el mejor de los casos, si se llegara a aplicar, no se actualiza de acuerdo a la proyecci\u00f3n inflacionaria\u201d.<\/p>\n<p>  Por otra parte, desde ATE bonaerense se refirieron a la instalaci\u00f3n del presentismo. \u201cQueremos repudiar la instalaci\u00f3n del presentismo en la provincia de Buenos Aires, que hab\u00eda sido erradicado por la lucha de los trabajadores y trabajadoras del Estado provincial y de nuestra organizaci\u00f3n, porque es un sistema que tiende a que perdamos derechos y nunca nuestra organizaci\u00f3n va a ser c\u00f3mplice de esta p\u00e9rdida\u201d, dijo el referente del gremio con mayor cantidad de afiliados en el sector.<\/p>\n<p>  \u201cLamentablemente el presentismo fue planteado por otras organizaciones sindicales lo cual nos preocupa de sobremanera. Repudiamos este tipo de actitudes y convocamos al conjunto de trabajadores y trabajadoras a seguir organiz\u00e1ndonos en torno a la lucha por un salario digno\u201d.<\/p>\n<p>  En otro orden, desde ATE se plante\u00f3 la reincorporaci\u00f3n y el fin de los despidos, el pase a planta permanente de los m\u00e1s de 11 mil precarizados, la designaci\u00f3n de personal en \u00e1reas cr\u00edticas y la defensa irrestricta del IPS y IOMA. Adem\u00e1s, se exigi\u00f3 la reactivaci\u00f3n inmediata del Astillero R\u00edo Santiago y que se habiliten las paritarias de todos los estatales.<\/p>\n<p>Por \u00faltimo, Oscar de Isasi dijo sentirse \u201cOrgullo de ser el secretario general de una organizaci\u00f3n que nunca va a aceptar salarios a la baja o aprietes al conjunto de los trabajadores y trabajadoras como en el caso del presentismo. Repudiamos la actitud de aquellos gremios que han avalado al gobierno para que descarguen la crisis y el ajuste sobre los trabajadores y los sectores m\u00e1s vulnerables. Convocamos al paro y movilizaci\u00f3n a la Casa de Gobierno de ma\u00f1ana\u201d.<\/p>\n","protected":false},"excerpt":{"rendered":"<p>ATE provincia de Buenos Aires rechaza de manera categ\u00f3rica la propuesta salarial de un 15% en tres cuotas, que ha hecho el gobierno provincial para los trabajadores y trabajadoras de la Ley 10430. \u201cLo hacemos porque un 15% en cuotas no alcanza a contemplar la proyecci\u00f3n inflacionaria de este a\u00f1o y porque adem\u00e1s no contempla [&hellip;]<\/p>\n","protected":false},"author":4,"featured_media":29299,"comment_status":"open","ping_status":"closed","sticky":false,"template":"","format":"standard","meta":{"om_disable_all_campaigns":false,"_jetpack_memberships_contains_paid_content":false,"footnotes":""},"categories":[2,102],"tags":[],"class_list":["post-31178","post","type-post","status-publish","format-standard","has-post-thumbnail","hentry","category-locales","category-politica-locales"],"aioseo_notices":[],"gutentor_comment":0,"jetpack_featured_media_url":"https:\/\/eldiariodesanpedro.com.ar\/sitio\/wp-content\/uploads\/2018\/02\/ate.png","jetpack_shortlink":"https:\/\/wp.me\/p6RhLt-86S","jetpack_sharing_enabled":true,"_links":{"self":[{"href":"https:\/\/eldiariodesanpedro.com.ar\/sitio\/wp-json\/wp\/v2\/posts\/31178","targetHints":{"allow":["GET"]}}],"collection":[{"href":"https:\/\/eldiariodesanpedro.com.ar\/sitio\/wp-json\/wp\/v2\/posts"}],"about":[{"href":"https:\/\/eldiariodesanpedro.com.ar\/sitio\/wp-json\/wp\/v2\/types\/post"}],"author":[{"embeddable":true,"href":"https:\/\/eldiariodesanpedro.com.ar\/sitio\/wp-json\/wp\/v2\/users\/4"}],"replies":[{"embeddable":true,"href":"https:\/\/eldiariodesanpedro.com.ar\/sitio\/wp-json\/wp\/v2\/comments?post=31178"}],"version-history":[{"count":2,"href":"https:\/\/eldiariodesanpedro.com.ar\/sitio\/wp-json\/wp\/v2\/posts\/31178\/revisions"}],"predecessor-version":[{"id":31182,"href":"https:\/\/eldiariodesanpedro.com.ar\/sitio\/wp-json\/wp\/v2\/posts\/31178\/revisions\/31182"}],"wp:featuredmedia":[{"embeddable":true,"href":"https:\/\/eldiariodesanpedro.com.ar\/sitio\/wp-json\/wp\/v2\/media\/29299"}],"wp:attachment":[{"href":"https:\/\/eldiariodesanpedro.com.ar\/sitio\/wp-json\/wp\/v2\/media?parent=31178"}],"wp:term":[{"taxonomy":"category","embeddable":true,"href":"https:\/\/eldiariodesanpedro.com.ar\/sitio\/wp-json\/wp\/v2\/categories?post=31178"},{"taxonomy":"post_tag","embeddable":true,"href":"https:\/\/eldiariodesanpedro.com.ar\/sitio\/wp-json\/wp\/v2\/tags?post=31178"}],"curies":[{"name":"wp","href":"https:\/\/api.w.org\/{rel}","templated":true}]}}