{"id":31172,"date":"2018-04-05T20:44:14","date_gmt":"2018-04-05T23:44:14","guid":{"rendered":"https:\/\/eldiariodesanpedro.com.ar\/sitio\/?p=31172"},"modified":"2018-04-05T20:44:14","modified_gmt":"2018-04-05T23:44:14","slug":"desde-la-web-de-la-anses-se-pueden-solicitar-turnos-para-atencion-presencial","status":"publish","type":"post","link":"https:\/\/eldiariodesanpedro.com.ar\/sitio\/desde-la-web-de-la-anses-se-pueden-solicitar-turnos-para-atencion-presencial\/","title":{"rendered":"Desde la web de la ANSES se pueden solicitar turnos para atenci\u00f3n presencial"},"content":{"rendered":"<p><!-- VideographyWP Plugin Message: Automatic video embedding prevented by plugin options. --><br \/>\n  ANSES recuerda que, con el objetivo de mejorar la atenci\u00f3n y reducir los tiempos de espera para realizar tr\u00e1mites en las oficinas de atenci\u00f3n al p\u00fablico, adem\u00e1s de la opci\u00f3n de llamado gratuito al n\u00famero 130, los interesados pueden solicitar un turno ingresando a www.anses.gob.ar.<\/p>\n<p>  El organismo posee un sistema online amigable y agrupado por tipo de tr\u00e1mite o prestaci\u00f3n, haciendo que la gesti\u00f3n sea m\u00e1s f\u00e1cil y r\u00e1pida para cada solicitante.<\/p>\n<p>  Los interesados deber\u00e1n ingresar a la secci\u00f3n Turnos que se encuentra en el recuadro Accesos R\u00e1pidos de la pantalla principal, presionar el bot\u00f3n Sacar turno y optar por la prestaci\u00f3n o tipo de tr\u00e1mite que necesita realizar.<\/p>\n<p>Posteriormente, deber\u00e1 indicar su n\u00famero de CUIL, hacer clic en Continuar y seguir los pasos.<\/p>\n<p><strong>Grupos de pago para ma\u00f1ana<\/strong><br \/>\n-Titulares de la Asignaci\u00f3n Universal por Hijo y por Embarazo cuyos documentos terminan en 1.<br \/>\n-Titulares de Prestaciones No Contributivas cuyos documentos terminan en 6 y 7.<br \/>\n-Titulares de la Prestaci\u00f3n por Desempleo \u2013PLAN 2 y 3\u2013 con todas las terminaciones de documento.<\/p>\n","protected":false},"excerpt":{"rendered":"<p>ANSES recuerda que, con el objetivo de mejorar la atenci\u00f3n y reducir los tiempos de espera para realizar tr\u00e1mites en las oficinas de atenci\u00f3n al p\u00fablico, adem\u00e1s de la opci\u00f3n de llamado gratuito al n\u00famero 130, los interesados pueden solicitar un turno ingresando a www.anses.gob.ar. El organismo posee un sistema online amigable y agrupado por [&hellip;]<\/p>\n","protected":false},"author":4,"featured_media":5359,"comment_status":"open","ping_status":"closed","sticky":false,"template":"","format":"standard","meta":{"om_disable_all_campaigns":false,"_jetpack_memberships_contains_paid_content":false,"footnotes":""},"categories":[101,2],"tags":[],"class_list":["post-31172","post","type-post","status-publish","format-standard","has-post-thumbnail","hentry","category-interes-general-locales","category-locales"],"aioseo_notices":[],"gutentor_comment":0,"jetpack_featured_media_url":"https:\/\/eldiariodesanpedro.com.ar\/sitio\/wp-content\/uploads\/2016\/06\/anses.jpg","jetpack_shortlink":"https:\/\/wp.me\/p6RhLt-86M","jetpack_sharing_enabled":true,"_links":{"self":[{"href":"https:\/\/eldiariodesanpedro.com.ar\/sitio\/wp-json\/wp\/v2\/posts\/31172","targetHints":{"allow":["GET"]}}],"collection":[{"href":"https:\/\/eldiariodesanpedro.com.ar\/sitio\/wp-json\/wp\/v2\/posts"}],"about":[{"href":"https:\/\/eldiariodesanpedro.com.ar\/sitio\/wp-json\/wp\/v2\/types\/post"}],"author":[{"embeddable":true,"href":"https:\/\/eldiariodesanpedro.com.ar\/sitio\/wp-json\/wp\/v2\/users\/4"}],"replies":[{"embeddable":true,"href":"https:\/\/eldiariodesanpedro.com.ar\/sitio\/wp-json\/wp\/v2\/comments?post=31172"}],"version-history":[{"count":2,"href":"https:\/\/eldiariodesanpedro.com.ar\/sitio\/wp-json\/wp\/v2\/posts\/31172\/revisions"}],"predecessor-version":[{"id":31174,"href":"https:\/\/eldiariodesanpedro.com.ar\/sitio\/wp-json\/wp\/v2\/posts\/31172\/revisions\/31174"}],"wp:featuredmedia":[{"embeddable":true,"href":"https:\/\/eldiariodesanpedro.com.ar\/sitio\/wp-json\/wp\/v2\/media\/5359"}],"wp:attachment":[{"href":"https:\/\/eldiariodesanpedro.com.ar\/sitio\/wp-json\/wp\/v2\/media?parent=31172"}],"wp:term":[{"taxonomy":"category","embeddable":true,"href":"https:\/\/eldiariodesanpedro.com.ar\/sitio\/wp-json\/wp\/v2\/categories?post=31172"},{"taxonomy":"post_tag","embeddable":true,"href":"https:\/\/eldiariodesanpedro.com.ar\/sitio\/wp-json\/wp\/v2\/tags?post=31172"}],"curies":[{"name":"wp","href":"https:\/\/api.w.org\/{rel}","templated":true}]}}