{"id":31168,"date":"2018-04-05T17:59:06","date_gmt":"2018-04-05T20:59:06","guid":{"rendered":"https:\/\/eldiariodesanpedro.com.ar\/sitio\/?p=31168"},"modified":"2018-04-05T17:59:06","modified_gmt":"2018-04-05T20:59:06","slug":"este-viernes-todos-los-bancos-cerrados","status":"publish","type":"post","link":"https:\/\/eldiariodesanpedro.com.ar\/sitio\/este-viernes-todos-los-bancos-cerrados\/","title":{"rendered":"Este viernes todos los bancos cerrados"},"content":{"rendered":"<p><!-- VideographyWP Plugin Message: Automatic video embedding prevented by plugin options. --><br \/>\nLa conducci\u00f3n nacional de la Asociaci\u00f3n Bancaria (AB) decidi\u00f3 paralizar las tareas en todo el pa\u00eds ma\u00f1ana y convocar a otra huelga general de 48 horas para la semana siguiente. En tanto que hoy es el primer d\u00eda y \u00fanico d\u00eda de la semana que el Banco Provincia abri\u00f3 sus puertas dado que viene de dos d\u00edas de paro, martes y ayer.<\/p>\n<p>La huelga del Provincia fue convocada para reclamar por las paritarias del sector y pedir que la Corte Suprema bonaerense se expida en favor de anular la ley 15.008 que modifica la jubilaci\u00f3n de los empleados del Banco Provincia. Esa norma, que fue impulsada por la gobernadora Mar\u00eda Eugenia Vidal y aprobada en la Legislatura, elev\u00f3 la edad jubilatoria de 57 a 65 a\u00f1os.<\/p>\n<p>Sumados a los cinco d\u00edas del fin de semana largo, la entidad crediticia cumpli\u00f3 siete d\u00edas sin atenci\u00f3n al p\u00fablico, por lo que se sintieron inconvenientes con la provisi\u00f3n de dinero en la red de cajeros autom\u00e1ticos. En tanto a nivel nacional, el gremio bancario que conduce Sergio Palazzo anunci\u00f3 un paro para ma\u00f1ana. El sindicato La Bancaria rechaz\u00f3 el \u00faltimo ofrecimiento salarial del Gobierno, de un 15% en cuatro cuotas.<\/p>\n","protected":false},"excerpt":{"rendered":"<p>La conducci\u00f3n nacional de la Asociaci\u00f3n Bancaria (AB) decidi\u00f3 paralizar las tareas en todo el pa\u00eds ma\u00f1ana y convocar a otra huelga general de 48 horas para la semana siguiente. En tanto que hoy es el primer d\u00eda y \u00fanico d\u00eda de la semana que el Banco Provincia abri\u00f3 sus puertas dado que viene de [&hellip;]<\/p>\n","protected":false},"author":4,"featured_media":31169,"comment_status":"open","ping_status":"closed","sticky":false,"template":"","format":"standard","meta":{"om_disable_all_campaigns":false,"_jetpack_memberships_contains_paid_content":false,"footnotes":""},"categories":[101,2],"tags":[],"class_list":["post-31168","post","type-post","status-publish","format-standard","has-post-thumbnail","hentry","category-interes-general-locales","category-locales"],"aioseo_notices":[],"gutentor_comment":0,"jetpack_featured_media_url":"https:\/\/eldiariodesanpedro.com.ar\/sitio\/wp-content\/uploads\/2018\/04\/el-19-y-20-de-febrero-hay-paro-bancario.jpg","jetpack_shortlink":"https:\/\/wp.me\/p6RhLt-86I","jetpack_sharing_enabled":true,"_links":{"self":[{"href":"https:\/\/eldiariodesanpedro.com.ar\/sitio\/wp-json\/wp\/v2\/posts\/31168","targetHints":{"allow":["GET"]}}],"collection":[{"href":"https:\/\/eldiariodesanpedro.com.ar\/sitio\/wp-json\/wp\/v2\/posts"}],"about":[{"href":"https:\/\/eldiariodesanpedro.com.ar\/sitio\/wp-json\/wp\/v2\/types\/post"}],"author":[{"embeddable":true,"href":"https:\/\/eldiariodesanpedro.com.ar\/sitio\/wp-json\/wp\/v2\/users\/4"}],"replies":[{"embeddable":true,"href":"https:\/\/eldiariodesanpedro.com.ar\/sitio\/wp-json\/wp\/v2\/comments?post=31168"}],"version-history":[{"count":1,"href":"https:\/\/eldiariodesanpedro.com.ar\/sitio\/wp-json\/wp\/v2\/posts\/31168\/revisions"}],"predecessor-version":[{"id":31170,"href":"https:\/\/eldiariodesanpedro.com.ar\/sitio\/wp-json\/wp\/v2\/posts\/31168\/revisions\/31170"}],"wp:featuredmedia":[{"embeddable":true,"href":"https:\/\/eldiariodesanpedro.com.ar\/sitio\/wp-json\/wp\/v2\/media\/31169"}],"wp:attachment":[{"href":"https:\/\/eldiariodesanpedro.com.ar\/sitio\/wp-json\/wp\/v2\/media?parent=31168"}],"wp:term":[{"taxonomy":"category","embeddable":true,"href":"https:\/\/eldiariodesanpedro.com.ar\/sitio\/wp-json\/wp\/v2\/categories?post=31168"},{"taxonomy":"post_tag","embeddable":true,"href":"https:\/\/eldiariodesanpedro.com.ar\/sitio\/wp-json\/wp\/v2\/tags?post=31168"}],"curies":[{"name":"wp","href":"https:\/\/api.w.org\/{rel}","templated":true}]}}