{"id":31162,"date":"2018-04-05T17:53:11","date_gmt":"2018-04-05T20:53:11","guid":{"rendered":"https:\/\/eldiariodesanpedro.com.ar\/sitio\/?p=31162"},"modified":"2018-04-05T17:53:11","modified_gmt":"2018-04-05T20:53:11","slug":"se-desarrollo-una-huelga-de-docentes-estatales-judiciales-y-medicos","status":"publish","type":"post","link":"https:\/\/eldiariodesanpedro.com.ar\/sitio\/se-desarrollo-una-huelga-de-docentes-estatales-judiciales-y-medicos\/","title":{"rendered":"Se desarroll\u00f3 una huelga de docentes, estatales, judiciales y m\u00e9dicos"},"content":{"rendered":"<p><!-- VideographyWP Plugin Message: Automatic video embedding prevented by plugin options. --><br \/>\nLa medida afecto en nuestra ciudad, clases, atenci\u00f3n en dependencias p\u00fablicas, judiciales y en el hospital San Felipe en el que se suspende la atenci\u00f3n en consultorio.<\/p>\n<p>Los dirigentes de los sindicatos que conforman el Frente de Unidad Docente (FUD: Suteba, Feb, Udocba), la Asociaci\u00f3n Sindical de Profesionales de la Salud de la Provincia de Buenos Aires (Cicop), la Asociaci\u00f3n de Trabajadores del Estado (ATE), la Asociaci\u00f3n de Judiciales Bonaerenses (AJB) anunciaron un paro y movilizaci\u00f3n para hoy. La medida afectar\u00e1 en nuestra ciudad, clases, atenci\u00f3n en dependencias p\u00fablicas, judiciales y en el hospital Emilio Ruffa en el que se suspende la atenci\u00f3n en consultorio. <\/p>\n<p>Los sindicatos que se unieron en los pedidos habilitaron una carpa blanca de protesta frente a la sede de la Gobernaci\u00f3n en La Plata, en reclamo por las paritarias y rechazo \u00aba las pol\u00edticas de ajuste\u201d que entienden lleva adelante la gesti\u00f3n de Cambiemos. <\/p>\n<p>La medida es \u00abcontra del ajuste\u00bb que, seg\u00fan denunciaron, Cambiemos lleva adelante en los sectores de la salud, la educaci\u00f3n y la justicia. <\/p>\n<p>Adem\u00e1s del reclamo por paritarias sin techo \u2013no al 15 por ciento- denuncian \u00abel desfinanciamiento del Instituto de Previsi\u00f3n de la Provincia de Buenos Aires (IPS)\u00bb. <\/p>\n","protected":false},"excerpt":{"rendered":"<p>La medida afecto en nuestra ciudad, clases, atenci\u00f3n en dependencias p\u00fablicas, judiciales y en el hospital San Felipe en el que se suspende la atenci\u00f3n en consultorio. Los dirigentes de los sindicatos que conforman el Frente de Unidad Docente (FUD: Suteba, Feb, Udocba), la Asociaci\u00f3n Sindical de Profesionales de la Salud de la Provincia de [&hellip;]<\/p>\n","protected":false},"author":4,"featured_media":31166,"comment_status":"open","ping_status":"closed","sticky":false,"template":"","format":"standard","meta":{"om_disable_all_campaigns":false,"_jetpack_memberships_contains_paid_content":false,"footnotes":""},"categories":[50,101,2],"tags":[],"class_list":["post-31162","post","type-post","status-publish","format-standard","has-post-thumbnail","hentry","category-destacadas","category-interes-general-locales","category-locales"],"aioseo_notices":[],"gutentor_comment":0,"jetpack_featured_media_url":"https:\/\/eldiariodesanpedro.com.ar\/sitio\/wp-content\/uploads\/2018\/04\/0022172667.jpg","jetpack_shortlink":"https:\/\/wp.me\/p6RhLt-86C","jetpack_sharing_enabled":true,"_links":{"self":[{"href":"https:\/\/eldiariodesanpedro.com.ar\/sitio\/wp-json\/wp\/v2\/posts\/31162","targetHints":{"allow":["GET"]}}],"collection":[{"href":"https:\/\/eldiariodesanpedro.com.ar\/sitio\/wp-json\/wp\/v2\/posts"}],"about":[{"href":"https:\/\/eldiariodesanpedro.com.ar\/sitio\/wp-json\/wp\/v2\/types\/post"}],"author":[{"embeddable":true,"href":"https:\/\/eldiariodesanpedro.com.ar\/sitio\/wp-json\/wp\/v2\/users\/4"}],"replies":[{"embeddable":true,"href":"https:\/\/eldiariodesanpedro.com.ar\/sitio\/wp-json\/wp\/v2\/comments?post=31162"}],"version-history":[{"count":1,"href":"https:\/\/eldiariodesanpedro.com.ar\/sitio\/wp-json\/wp\/v2\/posts\/31162\/revisions"}],"predecessor-version":[{"id":31167,"href":"https:\/\/eldiariodesanpedro.com.ar\/sitio\/wp-json\/wp\/v2\/posts\/31162\/revisions\/31167"}],"wp:featuredmedia":[{"embeddable":true,"href":"https:\/\/eldiariodesanpedro.com.ar\/sitio\/wp-json\/wp\/v2\/media\/31166"}],"wp:attachment":[{"href":"https:\/\/eldiariodesanpedro.com.ar\/sitio\/wp-json\/wp\/v2\/media?parent=31162"}],"wp:term":[{"taxonomy":"category","embeddable":true,"href":"https:\/\/eldiariodesanpedro.com.ar\/sitio\/wp-json\/wp\/v2\/categories?post=31162"},{"taxonomy":"post_tag","embeddable":true,"href":"https:\/\/eldiariodesanpedro.com.ar\/sitio\/wp-json\/wp\/v2\/tags?post=31162"}],"curies":[{"name":"wp","href":"https:\/\/api.w.org\/{rel}","templated":true}]}}