{"id":31161,"date":"2018-04-05T17:30:46","date_gmt":"2018-04-05T20:30:46","guid":{"rendered":"https:\/\/eldiariodesanpedro.com.ar\/sitio\/?p=31161"},"modified":"2018-04-05T17:30:46","modified_gmt":"2018-04-05T20:30:46","slug":"primeras-acciones-de-la-campana-alcohol-conciencia-con-ciencia","status":"publish","type":"post","link":"https:\/\/eldiariodesanpedro.com.ar\/sitio\/primeras-acciones-de-la-campana-alcohol-conciencia-con-ciencia\/","title":{"rendered":"Primeras acciones de la Campa\u00f1a  \u00abAlcohol: conciencia Con Ciencia\u00bb."},"content":{"rendered":"<p><!-- VideographyWP Plugin Message: Automatic video embedding prevented by plugin options. --><br \/>\nDesde la  Secretaria de Salud de Municipalidad de San Pedro y en conjunto con la Asociaci\u00f3n C\u00edrculo M\u00e9dico, la Jefatura Distrital de Educaci\u00f3n y el Centro de Prevenci\u00f3n de Adicciones se comenz\u00f3 a implementar una campa\u00f1a de informaci\u00f3n p\u00fablica relacionada con la prevenci\u00f3n del consumo de alcohol en menores de edad.<br \/>\nTomando como punto de referencia la iniciativa de la ONG Chicos Sin Alcohol y piezas publicitarias elaboradas por el Consejo Publicitario Argentino se han planificado acciones para trabajar en diferentes planos.<\/p>\n<p>Ya circula en manos de profesionales de la salud una encuesta escolar an\u00f3nima y se multiplican los mensajes que ayudan a concientizar sobre este tema en San Pedro.<\/p>\n<p>El equipo interdisciplinario conformado, brindar\u00e1 en fechas a confirmar talleres para pre-adolescentes y adolescentes.<\/p>\n<p>Mientras tanto se invita a todos los interesados en esta consigna a colaborar compartiendo en redes sociales y en medios de comunicaci\u00f3n los mensajes que invitan a la reflexi\u00f3n sobre la problem\u00e1tica.<\/p>\n<p>El llamado a tener actitudes responsables desde los hogares para estimular a los j\u00f3venes con ejemplos concretos, establecer l\u00edmites, favorecer un acercamiento que ayude a identificar problemas y de una manera did\u00e1ctica, mostrar los riesgos que el consumo de alcohol conlleva son parte de las acciones que se extender\u00e1n durante las pr\u00f3ximas semanas.<\/p>\n<div class=\"jetpack-video-wrapper\"><span class=\"embed-youtube\" style=\"text-align:center; display: block;\"><iframe class=\"youtube-player lazyload\" width=\"640\" height=\"360\" data-src=\"https:\/\/www.youtube.com\/embed\/P3o-Bf1LfzY?version=3&#038;rel=1&#038;showsearch=0&#038;showinfo=1&#038;iv_load_policy=1&#038;fs=1&#038;hl=es-ES&#038;autohide=2&#038;wmode=transparent\" allowfullscreen=\"true\" style=\"border:0;\" sandbox=\"allow-scripts allow-same-origin allow-popups allow-presentation allow-popups-to-escape-sandbox\" src=\"data:image\/svg+xml;base64,PHN2ZyB3aWR0aD0iMSIgaGVpZ2h0PSIxIiB4bWxucz0iaHR0cDovL3d3dy53My5vcmcvMjAwMC9zdmciPjwvc3ZnPg==\" data-load-mode=\"1\"><\/iframe><\/span><\/div>\n","protected":false},"excerpt":{"rendered":"<p>Desde la Secretaria de Salud de Municipalidad de San Pedro y en conjunto con la Asociaci\u00f3n C\u00edrculo M\u00e9dico, la Jefatura Distrital de Educaci\u00f3n y el Centro de Prevenci\u00f3n de Adicciones se comenz\u00f3 a implementar una campa\u00f1a de informaci\u00f3n p\u00fablica relacionada con la prevenci\u00f3n del consumo de alcohol en menores de edad. Tomando como punto de [&hellip;]<\/p>\n","protected":false},"author":4,"featured_media":31163,"comment_status":"open","ping_status":"closed","sticky":false,"template":"","format":"standard","meta":{"om_disable_all_campaigns":false,"_jetpack_memberships_contains_paid_content":false,"footnotes":""},"categories":[101,2],"tags":[],"class_list":["post-31161","post","type-post","status-publish","format-standard","has-post-thumbnail","hentry","category-interes-general-locales","category-locales"],"aioseo_notices":[],"gutentor_comment":0,"jetpack_featured_media_url":"https:\/\/eldiariodesanpedro.com.ar\/sitio\/wp-content\/uploads\/2018\/04\/CHICOS-SIN-ALCOHOL-1.jpg","jetpack_shortlink":"https:\/\/wp.me\/p6RhLt-86B","jetpack_sharing_enabled":true,"_links":{"self":[{"href":"https:\/\/eldiariodesanpedro.com.ar\/sitio\/wp-json\/wp\/v2\/posts\/31161","targetHints":{"allow":["GET"]}}],"collection":[{"href":"https:\/\/eldiariodesanpedro.com.ar\/sitio\/wp-json\/wp\/v2\/posts"}],"about":[{"href":"https:\/\/eldiariodesanpedro.com.ar\/sitio\/wp-json\/wp\/v2\/types\/post"}],"author":[{"embeddable":true,"href":"https:\/\/eldiariodesanpedro.com.ar\/sitio\/wp-json\/wp\/v2\/users\/4"}],"replies":[{"embeddable":true,"href":"https:\/\/eldiariodesanpedro.com.ar\/sitio\/wp-json\/wp\/v2\/comments?post=31161"}],"version-history":[{"count":1,"href":"https:\/\/eldiariodesanpedro.com.ar\/sitio\/wp-json\/wp\/v2\/posts\/31161\/revisions"}],"predecessor-version":[{"id":31164,"href":"https:\/\/eldiariodesanpedro.com.ar\/sitio\/wp-json\/wp\/v2\/posts\/31161\/revisions\/31164"}],"wp:featuredmedia":[{"embeddable":true,"href":"https:\/\/eldiariodesanpedro.com.ar\/sitio\/wp-json\/wp\/v2\/media\/31163"}],"wp:attachment":[{"href":"https:\/\/eldiariodesanpedro.com.ar\/sitio\/wp-json\/wp\/v2\/media?parent=31161"}],"wp:term":[{"taxonomy":"category","embeddable":true,"href":"https:\/\/eldiariodesanpedro.com.ar\/sitio\/wp-json\/wp\/v2\/categories?post=31161"},{"taxonomy":"post_tag","embeddable":true,"href":"https:\/\/eldiariodesanpedro.com.ar\/sitio\/wp-json\/wp\/v2\/tags?post=31161"}],"curies":[{"name":"wp","href":"https:\/\/api.w.org\/{rel}","templated":true}]}}