{"id":31157,"date":"2018-04-05T11:08:29","date_gmt":"2018-04-05T14:08:29","guid":{"rendered":"https:\/\/eldiariodesanpedro.com.ar\/sitio\/?p=31157"},"modified":"2018-04-05T11:08:29","modified_gmt":"2018-04-05T14:08:29","slug":"la-policia-encuentra-una-moto-robada-abandonada","status":"publish","type":"post","link":"https:\/\/eldiariodesanpedro.com.ar\/sitio\/la-policia-encuentra-una-moto-robada-abandonada\/","title":{"rendered":"La polic\u00eda encuentra una moto robada abandonada"},"content":{"rendered":"<p><!-- VideographyWP Plugin Message: Automatic video embedding prevented by plugin options. --><br \/>\nEste mi\u00e9rcoles en horas de la tarde en calle Combate de Obligado y Bozzano, la polic\u00eda de nuestra ciudad procedi\u00f3 al hallazgo de una motocicleta en la que se movilizaba masculino no identificado, el cual se diera a la fuga al advertir la presencia Policial dejando rodado abandonado. <\/p>\n<p>Posteriormente lograron establecer que el veh\u00edculo en cuesti\u00f3n hab\u00eda sido sustra\u00eddo minutos antes mientras estaba estacionado fuera del domicilio ubicado en calle 11 de septiembre al 2000. <\/p>\n","protected":false},"excerpt":{"rendered":"<p>Este mi\u00e9rcoles en horas de la tarde en calle Combate de Obligado y Bozzano, la polic\u00eda de nuestra ciudad procedi\u00f3 al hallazgo de una motocicleta en la que se movilizaba masculino no identificado, el cual se diera a la fuga al advertir la presencia Policial dejando rodado abandonado. Posteriormente lograron establecer que el veh\u00edculo en [&hellip;]<\/p>\n","protected":false},"author":4,"featured_media":11797,"comment_status":"open","ping_status":"closed","sticky":false,"template":"","format":"standard","meta":{"om_disable_all_campaigns":false,"_jetpack_memberships_contains_paid_content":false,"footnotes":""},"categories":[2,103],"tags":[],"class_list":["post-31157","post","type-post","status-publish","format-standard","has-post-thumbnail","hentry","category-locales","category-policiales-locales"],"aioseo_notices":[],"gutentor_comment":0,"jetpack_featured_media_url":"https:\/\/eldiariodesanpedro.com.ar\/sitio\/wp-content\/uploads\/2016\/12\/moto-secuestrada.jpg","jetpack_shortlink":"https:\/\/wp.me\/p6RhLt-86x","jetpack_sharing_enabled":true,"_links":{"self":[{"href":"https:\/\/eldiariodesanpedro.com.ar\/sitio\/wp-json\/wp\/v2\/posts\/31157","targetHints":{"allow":["GET"]}}],"collection":[{"href":"https:\/\/eldiariodesanpedro.com.ar\/sitio\/wp-json\/wp\/v2\/posts"}],"about":[{"href":"https:\/\/eldiariodesanpedro.com.ar\/sitio\/wp-json\/wp\/v2\/types\/post"}],"author":[{"embeddable":true,"href":"https:\/\/eldiariodesanpedro.com.ar\/sitio\/wp-json\/wp\/v2\/users\/4"}],"replies":[{"embeddable":true,"href":"https:\/\/eldiariodesanpedro.com.ar\/sitio\/wp-json\/wp\/v2\/comments?post=31157"}],"version-history":[{"count":1,"href":"https:\/\/eldiariodesanpedro.com.ar\/sitio\/wp-json\/wp\/v2\/posts\/31157\/revisions"}],"predecessor-version":[{"id":31158,"href":"https:\/\/eldiariodesanpedro.com.ar\/sitio\/wp-json\/wp\/v2\/posts\/31157\/revisions\/31158"}],"wp:featuredmedia":[{"embeddable":true,"href":"https:\/\/eldiariodesanpedro.com.ar\/sitio\/wp-json\/wp\/v2\/media\/11797"}],"wp:attachment":[{"href":"https:\/\/eldiariodesanpedro.com.ar\/sitio\/wp-json\/wp\/v2\/media?parent=31157"}],"wp:term":[{"taxonomy":"category","embeddable":true,"href":"https:\/\/eldiariodesanpedro.com.ar\/sitio\/wp-json\/wp\/v2\/categories?post=31157"},{"taxonomy":"post_tag","embeddable":true,"href":"https:\/\/eldiariodesanpedro.com.ar\/sitio\/wp-json\/wp\/v2\/tags?post=31157"}],"curies":[{"name":"wp","href":"https:\/\/api.w.org\/{rel}","templated":true}]}}