{"id":31155,"date":"2018-04-05T10:50:10","date_gmt":"2018-04-05T13:50:10","guid":{"rendered":"https:\/\/eldiariodesanpedro.com.ar\/sitio\/?p=31155"},"modified":"2018-04-05T10:50:10","modified_gmt":"2018-04-05T13:50:10","slug":"se-aprehendio-a-una-persona-por-violar-una-perimetral","status":"publish","type":"post","link":"https:\/\/eldiariodesanpedro.com.ar\/sitio\/se-aprehendio-a-una-persona-por-violar-una-perimetral\/","title":{"rendered":"Se aprehendi\u00f3 a una persona por violar una perimetral"},"content":{"rendered":"<p><!-- VideographyWP Plugin Message: Automatic video embedding prevented by plugin options. --><br \/>\nEl personal policial de nuestra ciudad, a ra\u00edz de un llamado al 911, se constituye en domicilio de calle Bottaro al 1800 donde se procedi\u00f3 a la aprehensi\u00f3n de masculino, quien se encontraba presente en ese domicilio y del cual fuera excluido, existiendo adem\u00e1s en su contra una medida de exclusi\u00f3n perimetral vigente por violencia familiar. Fiscal\u00eda interviniente, dispuso notificaci\u00f3n de actuaciones y posterior libertad.<\/p>\n","protected":false},"excerpt":{"rendered":"<p>El personal policial de nuestra ciudad, a ra\u00edz de un llamado al 911, se constituye en domicilio de calle Bottaro al 1800 donde se procedi\u00f3 a la aprehensi\u00f3n de masculino, quien se encontraba presente en ese domicilio y del cual fuera excluido, existiendo adem\u00e1s en su contra una medida de exclusi\u00f3n perimetral vigente por violencia [&hellip;]<\/p>\n","protected":false},"author":4,"featured_media":20446,"comment_status":"open","ping_status":"closed","sticky":false,"template":"","format":"standard","meta":{"om_disable_all_campaigns":false,"_jetpack_memberships_contains_paid_content":false,"footnotes":""},"categories":[2,103],"tags":[],"class_list":["post-31155","post","type-post","status-publish","format-standard","has-post-thumbnail","hentry","category-locales","category-policiales-locales"],"aioseo_notices":[],"gutentor_comment":0,"jetpack_featured_media_url":"https:\/\/eldiariodesanpedro.com.ar\/sitio\/wp-content\/uploads\/2017\/07\/detenido-3-1.jpg","jetpack_shortlink":"https:\/\/wp.me\/p6RhLt-86v","jetpack_sharing_enabled":true,"_links":{"self":[{"href":"https:\/\/eldiariodesanpedro.com.ar\/sitio\/wp-json\/wp\/v2\/posts\/31155","targetHints":{"allow":["GET"]}}],"collection":[{"href":"https:\/\/eldiariodesanpedro.com.ar\/sitio\/wp-json\/wp\/v2\/posts"}],"about":[{"href":"https:\/\/eldiariodesanpedro.com.ar\/sitio\/wp-json\/wp\/v2\/types\/post"}],"author":[{"embeddable":true,"href":"https:\/\/eldiariodesanpedro.com.ar\/sitio\/wp-json\/wp\/v2\/users\/4"}],"replies":[{"embeddable":true,"href":"https:\/\/eldiariodesanpedro.com.ar\/sitio\/wp-json\/wp\/v2\/comments?post=31155"}],"version-history":[{"count":1,"href":"https:\/\/eldiariodesanpedro.com.ar\/sitio\/wp-json\/wp\/v2\/posts\/31155\/revisions"}],"predecessor-version":[{"id":31156,"href":"https:\/\/eldiariodesanpedro.com.ar\/sitio\/wp-json\/wp\/v2\/posts\/31155\/revisions\/31156"}],"wp:featuredmedia":[{"embeddable":true,"href":"https:\/\/eldiariodesanpedro.com.ar\/sitio\/wp-json\/wp\/v2\/media\/20446"}],"wp:attachment":[{"href":"https:\/\/eldiariodesanpedro.com.ar\/sitio\/wp-json\/wp\/v2\/media?parent=31155"}],"wp:term":[{"taxonomy":"category","embeddable":true,"href":"https:\/\/eldiariodesanpedro.com.ar\/sitio\/wp-json\/wp\/v2\/categories?post=31155"},{"taxonomy":"post_tag","embeddable":true,"href":"https:\/\/eldiariodesanpedro.com.ar\/sitio\/wp-json\/wp\/v2\/tags?post=31155"}],"curies":[{"name":"wp","href":"https:\/\/api.w.org\/{rel}","templated":true}]}}