{"id":31152,"date":"2018-04-05T09:54:29","date_gmt":"2018-04-05T12:54:29","guid":{"rendered":"https:\/\/eldiariodesanpedro.com.ar\/sitio\/?p=31152"},"modified":"2018-04-05T09:54:29","modified_gmt":"2018-04-05T12:54:29","slug":"interesante-encuentro-de-camaras-y-centros-de-comercio-para-reclamar-por-la-situacion-del-sector","status":"publish","type":"post","link":"https:\/\/eldiariodesanpedro.com.ar\/sitio\/interesante-encuentro-de-camaras-y-centros-de-comercio-para-reclamar-por-la-situacion-del-sector\/","title":{"rendered":"Interesante encuentro de c\u00e1maras y centros de comercio para reclamar por la situaci\u00f3n del sector"},"content":{"rendered":"<p><!-- VideographyWP Plugin Message: Automatic video embedding prevented by plugin options. --><br \/>\nLos Centros de Comercio de Baradero y San Pedro reunieron en la noche del mi\u00e9rcoles 4 de abril a representantes de entidades del mismo tenor de toda la regi\u00f3n en un encuentro que sent\u00f3 las bases para diferentes acciones conjuntas. Asistieron dirigentes y comerciantes de las ciudades de Campana, Pergamino, Lujan, Arrecifes, San Antonio de Areco y Carmen de Areco. El tema convocante fue el aumento de la energ\u00eda el\u00e9ctrica y otros servicios, y su evidente impacto en el funcionamiento de comercios y empresas, sin embargo, la cantidad de temas en com\u00fan desarrollados en la presentaci\u00f3n de cada uno de los intervinientes ampli\u00f3 el debate hacia la necesidad de volver a recrear estos espacios que pueden fortalecer todo tipo de gestiones.<\/p>\n<p>Tras la introducci\u00f3n de los anfitriones, los visitantes detallaron sus preocupaciones entre las cu\u00e1les figuran adem\u00e1s del incremento de luz, gas y tasas municipales, la competencia desleal, el avance del comercio digital y en algunos casos, las dificultades para tener un v\u00ednculo m\u00e1s directo con el sector pol\u00edtico. <\/p>\n<p>Sobre el tema energ\u00eda el\u00e9ctrica, la mayor\u00eda de las entidades coment\u00f3 que ya se realizaron reclamos y reuniones con las cooperativas o empresas responsables del servicio, encontrando respuestas similares que aluden a una decisi\u00f3n gubernamental que no admitir\u00eda muchos cambios.<\/p>\n<p>Adem\u00e1s de sellar el compromiso para darle continuidad a este tipo de reuniones (la pr\u00f3xima ser\u00e1 en Lujan en Mayo), se anticip\u00f3 la probable reuni\u00f3n la pr\u00f3xima semana en La Plata con el Defensor del Pueblo de la Provincia de Buenos Aires para detallar todas las inquietudes que existen sobre el tema el\u00e9ctrico. Estas incluyen la diversidad de impuestos que se pagan junto al servicio, la lectura de los consumos, el costo de distribuci\u00f3n que se paga en Cooperativas o Empresas Privadas y otras cuestiones espec\u00edficas de cada localidad. Adem\u00e1s se redact\u00f3 un documento que sintetiza el objetivo de la reuni\u00f3n advirtiendo que \u00abno se est\u00e1 tomando conciencia real del efecto que social que podr\u00eda tener en la sociedad, el cierre de comercios, la p\u00e9rdida de fuentes de trabajo y la incomparable sensaci\u00f3n de desamparo ante cortes de energ\u00eda por falta de pago.<\/p>\n<p>La evaluaci\u00f3n de la reuni\u00f3n es para nuestro Centro de Comercio sumamente positiva porque adem\u00e1s de recuperar una presencia regional ante las autoridades, permite un intercambio de iniciativas y acciones que ser\u00e1n muy \u00fatiles para el futuro.  <\/p>\n","protected":false},"excerpt":{"rendered":"<p>Los Centros de Comercio de Baradero y San Pedro reunieron en la noche del mi\u00e9rcoles 4 de abril a representantes de entidades del mismo tenor de toda la regi\u00f3n en un encuentro que sent\u00f3 las bases para diferentes acciones conjuntas. Asistieron dirigentes y comerciantes de las ciudades de Campana, Pergamino, Lujan, Arrecifes, San Antonio de [&hellip;]<\/p>\n","protected":false},"author":4,"featured_media":31153,"comment_status":"open","ping_status":"closed","sticky":false,"template":"","format":"standard","meta":{"om_disable_all_campaigns":false,"_jetpack_memberships_contains_paid_content":false,"footnotes":""},"categories":[101,2],"tags":[],"class_list":["post-31152","post","type-post","status-publish","format-standard","has-post-thumbnail","hentry","category-interes-general-locales","category-locales"],"aioseo_notices":[],"gutentor_comment":0,"jetpack_featured_media_url":"https:\/\/eldiariodesanpedro.com.ar\/sitio\/wp-content\/uploads\/2018\/04\/Centros-en-San-Pedro-2.jpg","jetpack_shortlink":"https:\/\/wp.me\/p6RhLt-86s","jetpack_sharing_enabled":true,"_links":{"self":[{"href":"https:\/\/eldiariodesanpedro.com.ar\/sitio\/wp-json\/wp\/v2\/posts\/31152","targetHints":{"allow":["GET"]}}],"collection":[{"href":"https:\/\/eldiariodesanpedro.com.ar\/sitio\/wp-json\/wp\/v2\/posts"}],"about":[{"href":"https:\/\/eldiariodesanpedro.com.ar\/sitio\/wp-json\/wp\/v2\/types\/post"}],"author":[{"embeddable":true,"href":"https:\/\/eldiariodesanpedro.com.ar\/sitio\/wp-json\/wp\/v2\/users\/4"}],"replies":[{"embeddable":true,"href":"https:\/\/eldiariodesanpedro.com.ar\/sitio\/wp-json\/wp\/v2\/comments?post=31152"}],"version-history":[{"count":1,"href":"https:\/\/eldiariodesanpedro.com.ar\/sitio\/wp-json\/wp\/v2\/posts\/31152\/revisions"}],"predecessor-version":[{"id":31154,"href":"https:\/\/eldiariodesanpedro.com.ar\/sitio\/wp-json\/wp\/v2\/posts\/31152\/revisions\/31154"}],"wp:featuredmedia":[{"embeddable":true,"href":"https:\/\/eldiariodesanpedro.com.ar\/sitio\/wp-json\/wp\/v2\/media\/31153"}],"wp:attachment":[{"href":"https:\/\/eldiariodesanpedro.com.ar\/sitio\/wp-json\/wp\/v2\/media?parent=31152"}],"wp:term":[{"taxonomy":"category","embeddable":true,"href":"https:\/\/eldiariodesanpedro.com.ar\/sitio\/wp-json\/wp\/v2\/categories?post=31152"},{"taxonomy":"post_tag","embeddable":true,"href":"https:\/\/eldiariodesanpedro.com.ar\/sitio\/wp-json\/wp\/v2\/tags?post=31152"}],"curies":[{"name":"wp","href":"https:\/\/api.w.org\/{rel}","templated":true}]}}