{"id":31145,"date":"2018-04-04T20:20:53","date_gmt":"2018-04-04T23:20:53","guid":{"rendered":"https:\/\/eldiariodesanpedro.com.ar\/sitio\/?p=31145"},"modified":"2018-04-04T20:20:53","modified_gmt":"2018-04-04T23:20:53","slug":"colision-entre-dos-motos-una-de-ellas-de-la-policia-local","status":"publish","type":"post","link":"https:\/\/eldiariodesanpedro.com.ar\/sitio\/colision-entre-dos-motos-una-de-ellas-de-la-policia-local\/","title":{"rendered":"Colisi\u00f3n entre dos motos, una de ellas de la Polic\u00eda Local"},"content":{"rendered":"<p><!-- VideographyWP Plugin Message: Automatic video embedding prevented by plugin options. --><br \/>\nEl siniestro vial tuvo lugar durante el mediod\u00eda de este mi\u00e9rcoles en la intersecci\u00f3n de las calles Bottaro y Lavalle. All\u00ed, una motocicleta conducida por una oficial de la Polic\u00eda Local embisti\u00f3 a otra en la que circulaba un joven.<\/p>\n<p>Las primeras versiones indican que el joven colisionado se encontraba realizando maniobras peligrosas con su ciclomotor, por lo que los efectivos de la Polic\u00eda Local que circulaban en las respectivas motocicletas de la fuerza le habr\u00edan indicado que se detuviera.<\/p>\n<p>Haciendo caso omiso de la orden, el joven se dio a la fuga, inici\u00e1ndose en ese momento una persecuci\u00f3n. El sujeto se dirigi\u00f3 contramano por calle Riobamba y los efectivos para respetar el sentido de la calle, lo siguieron por calle Lavalle. Con intenciones de continuar huyendo, el infractor dobl\u00f3 en calle Bottaro y a una cuadra se termin\u00f3 cruzando con la agente de Polic\u00eda Local Agustina Roba que, accidentalmente lo termina<br \/>\nimpactando.<\/p>\n<p>El joven, identificado como Alejandro Puig, de 21 a\u00f1os fue trasladado junto a la agente por el servicio del SAME a la Guardia local donde recibieron la asistencia m\u00e9dica de urgencia necesaria. Luego, los m\u00e9dicos informaron que la oficial de la fuerza sufri\u00f3 escoriaciones en sus piernas, dislocaci\u00f3n de un dedo y traumatismo de cr\u00e1neo leve. El joven que, circulaba sin casco, result\u00f3 con un fuerte traumatismo de cr\u00e1neo y laceraciones varias en su cuerpo. Ambos se encuentran fuera de peligro.<\/p>\n","protected":false},"excerpt":{"rendered":"<p>El siniestro vial tuvo lugar durante el mediod\u00eda de este mi\u00e9rcoles en la intersecci\u00f3n de las calles Bottaro y Lavalle. All\u00ed, una motocicleta conducida por una oficial de la Polic\u00eda Local embisti\u00f3 a otra en la que circulaba un joven. Las primeras versiones indican que el joven colisionado se encontraba realizando maniobras peligrosas con su [&hellip;]<\/p>\n","protected":false},"author":4,"featured_media":31146,"comment_status":"open","ping_status":"closed","sticky":false,"template":"","format":"standard","meta":{"om_disable_all_campaigns":false,"_jetpack_memberships_contains_paid_content":false,"footnotes":""},"categories":[50,2,103],"tags":[],"class_list":["post-31145","post","type-post","status-publish","format-standard","has-post-thumbnail","hentry","category-destacadas","category-locales","category-policiales-locales"],"aioseo_notices":[],"gutentor_comment":0,"jetpack_featured_media_url":"https:\/\/eldiariodesanpedro.com.ar\/sitio\/wp-content\/uploads\/2018\/04\/TAPA-2-.jpeg","jetpack_shortlink":"https:\/\/wp.me\/p6RhLt-86l","jetpack_sharing_enabled":true,"_links":{"self":[{"href":"https:\/\/eldiariodesanpedro.com.ar\/sitio\/wp-json\/wp\/v2\/posts\/31145","targetHints":{"allow":["GET"]}}],"collection":[{"href":"https:\/\/eldiariodesanpedro.com.ar\/sitio\/wp-json\/wp\/v2\/posts"}],"about":[{"href":"https:\/\/eldiariodesanpedro.com.ar\/sitio\/wp-json\/wp\/v2\/types\/post"}],"author":[{"embeddable":true,"href":"https:\/\/eldiariodesanpedro.com.ar\/sitio\/wp-json\/wp\/v2\/users\/4"}],"replies":[{"embeddable":true,"href":"https:\/\/eldiariodesanpedro.com.ar\/sitio\/wp-json\/wp\/v2\/comments?post=31145"}],"version-history":[{"count":1,"href":"https:\/\/eldiariodesanpedro.com.ar\/sitio\/wp-json\/wp\/v2\/posts\/31145\/revisions"}],"predecessor-version":[{"id":31147,"href":"https:\/\/eldiariodesanpedro.com.ar\/sitio\/wp-json\/wp\/v2\/posts\/31145\/revisions\/31147"}],"wp:featuredmedia":[{"embeddable":true,"href":"https:\/\/eldiariodesanpedro.com.ar\/sitio\/wp-json\/wp\/v2\/media\/31146"}],"wp:attachment":[{"href":"https:\/\/eldiariodesanpedro.com.ar\/sitio\/wp-json\/wp\/v2\/media?parent=31145"}],"wp:term":[{"taxonomy":"category","embeddable":true,"href":"https:\/\/eldiariodesanpedro.com.ar\/sitio\/wp-json\/wp\/v2\/categories?post=31145"},{"taxonomy":"post_tag","embeddable":true,"href":"https:\/\/eldiariodesanpedro.com.ar\/sitio\/wp-json\/wp\/v2\/tags?post=31145"}],"curies":[{"name":"wp","href":"https:\/\/api.w.org\/{rel}","templated":true}]}}