{"id":31140,"date":"2018-04-04T20:02:32","date_gmt":"2018-04-04T23:02:32","guid":{"rendered":"https:\/\/eldiariodesanpedro.com.ar\/sitio\/?p=31140"},"modified":"2018-04-04T20:02:32","modified_gmt":"2018-04-04T23:02:32","slug":"maraton-zumba-rcp-y-vacunacion-antigripal-y-contra-neumonia-solidarios-por-el-dia-mundial-de-la-salud","status":"publish","type":"post","link":"https:\/\/eldiariodesanpedro.com.ar\/sitio\/maraton-zumba-rcp-y-vacunacion-antigripal-y-contra-neumonia-solidarios-por-el-dia-mundial-de-la-salud\/","title":{"rendered":"Marat\u00f3n, Zumba, RCP y Vacunaci\u00f3n Antigripal y contra Neumon\u00eda Solidarios por el D\u00eda Mundial de la Salud"},"content":{"rendered":"<p><!-- VideographyWP Plugin Message: Automatic video embedding prevented by plugin options. --><br \/>\nEl pr\u00f3ximo s\u00e1bado 7 de abril en el marco de la celebraci\u00f3n del D\u00eda Mundial de la Salud, San Pedro tendr\u00e1 una jornada especial organizada por la Secreatar\u00eda de Salud de la Municipalidad de San Pedro, Cruz Roja, Cuerpo y Alma y CAPICU.<\/p>\n<p>Desde las 17 en el Paseo P\u00fablico Municipal se intercalar\u00e1 entretenimiento con actividad f\u00edsica y campa\u00f1as de promoci\u00f3n de la salud.<\/p>\n<p>Est\u00e1 previsto un taller de ZUMBA, un curso de Resucitaci\u00f3n Cardiopulmonar (RCP), una Marat\u00f3n de 5 kil\u00f3metros con fines solidarios y vacunaci\u00f3n Antigripal y contra Neumon\u00eda.<\/p>\n<p>Para inscribirse al Marat\u00f3n se deber\u00e1n presentar art\u00edculos de limpieza que ser\u00e1n donados a la Cooperadora del Hospital Emilio Ruffa.<\/p>\n<p>La fecha fue instituida como tal, celebrando el aniversario de la creaci\u00f3n de la Organizaci\u00f3n Mundial de la Salud en 1948.<\/p>\n<p>Se invita a toda la comunidad a participar, la actividad es Libre y Gratuita.<\/p>\n","protected":false},"excerpt":{"rendered":"<p>El pr\u00f3ximo s\u00e1bado 7 de abril en el marco de la celebraci\u00f3n del D\u00eda Mundial de la Salud, San Pedro tendr\u00e1 una jornada especial organizada por la Secreatar\u00eda de Salud de la Municipalidad de San Pedro, Cruz Roja, Cuerpo y Alma y CAPICU. Desde las 17 en el Paseo P\u00fablico Municipal se intercalar\u00e1 entretenimiento con [&hellip;]<\/p>\n","protected":false},"author":4,"featured_media":31141,"comment_status":"open","ping_status":"closed","sticky":false,"template":"","format":"standard","meta":{"om_disable_all_campaigns":false,"_jetpack_memberships_contains_paid_content":false,"footnotes":""},"categories":[101,2],"tags":[],"class_list":["post-31140","post","type-post","status-publish","format-standard","has-post-thumbnail","hentry","category-interes-general-locales","category-locales"],"aioseo_notices":[],"gutentor_comment":0,"jetpack_featured_media_url":"https:\/\/eldiariodesanpedro.com.ar\/sitio\/wp-content\/uploads\/2018\/04\/pastedImage-1-1.png","jetpack_shortlink":"https:\/\/wp.me\/p6RhLt-86g","jetpack_sharing_enabled":true,"_links":{"self":[{"href":"https:\/\/eldiariodesanpedro.com.ar\/sitio\/wp-json\/wp\/v2\/posts\/31140","targetHints":{"allow":["GET"]}}],"collection":[{"href":"https:\/\/eldiariodesanpedro.com.ar\/sitio\/wp-json\/wp\/v2\/posts"}],"about":[{"href":"https:\/\/eldiariodesanpedro.com.ar\/sitio\/wp-json\/wp\/v2\/types\/post"}],"author":[{"embeddable":true,"href":"https:\/\/eldiariodesanpedro.com.ar\/sitio\/wp-json\/wp\/v2\/users\/4"}],"replies":[{"embeddable":true,"href":"https:\/\/eldiariodesanpedro.com.ar\/sitio\/wp-json\/wp\/v2\/comments?post=31140"}],"version-history":[{"count":1,"href":"https:\/\/eldiariodesanpedro.com.ar\/sitio\/wp-json\/wp\/v2\/posts\/31140\/revisions"}],"predecessor-version":[{"id":31142,"href":"https:\/\/eldiariodesanpedro.com.ar\/sitio\/wp-json\/wp\/v2\/posts\/31140\/revisions\/31142"}],"wp:featuredmedia":[{"embeddable":true,"href":"https:\/\/eldiariodesanpedro.com.ar\/sitio\/wp-json\/wp\/v2\/media\/31141"}],"wp:attachment":[{"href":"https:\/\/eldiariodesanpedro.com.ar\/sitio\/wp-json\/wp\/v2\/media?parent=31140"}],"wp:term":[{"taxonomy":"category","embeddable":true,"href":"https:\/\/eldiariodesanpedro.com.ar\/sitio\/wp-json\/wp\/v2\/categories?post=31140"},{"taxonomy":"post_tag","embeddable":true,"href":"https:\/\/eldiariodesanpedro.com.ar\/sitio\/wp-json\/wp\/v2\/tags?post=31140"}],"curies":[{"name":"wp","href":"https:\/\/api.w.org\/{rel}","templated":true}]}}