{"id":31137,"date":"2018-04-04T19:43:55","date_gmt":"2018-04-04T22:43:55","guid":{"rendered":"https:\/\/eldiariodesanpedro.com.ar\/sitio\/?p=31137"},"modified":"2018-04-04T19:43:55","modified_gmt":"2018-04-04T22:43:55","slug":"llego-el-aula-taller-a-gobernador-castro","status":"publish","type":"post","link":"https:\/\/eldiariodesanpedro.com.ar\/sitio\/llego-el-aula-taller-a-gobernador-castro\/","title":{"rendered":"Lleg\u00f3 el Aula Taller a Gobernador Castro"},"content":{"rendered":"<p><!-- VideographyWP Plugin Message: Automatic video embedding prevented by plugin options. --><br \/>\nTal como hab\u00eda sido anunciado hace algunas semanas, se concret\u00f3 este mi\u00e9rcoles la llegada a Gobernador Castro de un Aula Taller M\u00f3vil, perteneciente a la Red Nacional Aulas Talleres M\u00f3viles. Las unidades donde se dictan los cursos reproducen las caracter\u00edsticas de un espacio formativo como aula-taller con las comodidades, condiciones de seguridad, higiene y equipamiento requeridos para tal fin. <\/p>\n<p>Representantes de la Delegaci\u00f3n Municipal, el Secretario de Obras P\u00fablicas \u00c1ngel \u00c1lvarez y el Concejal Iv\u00e1n Paz entre otros, estuvieron presentes y recorrieron el espacio que cuenta con capacidad para el dictado de cursos para hasta 15 alumnos. El objetivo es brindar durante por lo menos 3 meses, talleres para el desarrollo de habilidades en oficios y formaci\u00f3n tecnol\u00f3gica de adolescentes, j\u00f3venes y adultos, no s\u00f3lo para vecinos, sino tambi\u00e9n para todos los que se inscriban, de acuerdo a un cupo que ser\u00e1 informado a la brevedad. <\/p>\n<p>En estos momentos se cumplimentan pasos administrativos para la designaci\u00f3n de profesores y para el llamado a inscripci\u00f3n siguiendo la modalidad que estas aulas vienen desarrollando en todo el pa\u00eds. Para nuestro Partido, la llegada del Aula Taller no genera erogaciones adicionales, ya que el mantenimiento del aula y el costo del personal afectado al dictado de clases y al funcionamiento del aula es solventado por la Provincia de Buenos Aires que lleva adelante este programa junto al Ministerio de Educaci\u00f3n de la Naci\u00f3n y el INET, Instituto Nacional de Educaci\u00f3n Tecnol\u00f3gica.<\/p>\n","protected":false},"excerpt":{"rendered":"<p>Tal como hab\u00eda sido anunciado hace algunas semanas, se concret\u00f3 este mi\u00e9rcoles la llegada a Gobernador Castro de un Aula Taller M\u00f3vil, perteneciente a la Red Nacional Aulas Talleres M\u00f3viles. Las unidades donde se dictan los cursos reproducen las caracter\u00edsticas de un espacio formativo como aula-taller con las comodidades, condiciones de seguridad, higiene y equipamiento [&hellip;]<\/p>\n","protected":false},"author":4,"featured_media":31138,"comment_status":"open","ping_status":"closed","sticky":false,"template":"","format":"standard","meta":{"om_disable_all_campaigns":false,"_jetpack_memberships_contains_paid_content":false,"footnotes":""},"categories":[101,2],"tags":[],"class_list":["post-31137","post","type-post","status-publish","format-standard","has-post-thumbnail","hentry","category-interes-general-locales","category-locales"],"aioseo_notices":[],"gutentor_comment":0,"jetpack_featured_media_url":"https:\/\/eldiariodesanpedro.com.ar\/sitio\/wp-content\/uploads\/2018\/04\/PAGINA-5.jpeg","jetpack_shortlink":"https:\/\/wp.me\/p6RhLt-86d","jetpack_sharing_enabled":true,"_links":{"self":[{"href":"https:\/\/eldiariodesanpedro.com.ar\/sitio\/wp-json\/wp\/v2\/posts\/31137","targetHints":{"allow":["GET"]}}],"collection":[{"href":"https:\/\/eldiariodesanpedro.com.ar\/sitio\/wp-json\/wp\/v2\/posts"}],"about":[{"href":"https:\/\/eldiariodesanpedro.com.ar\/sitio\/wp-json\/wp\/v2\/types\/post"}],"author":[{"embeddable":true,"href":"https:\/\/eldiariodesanpedro.com.ar\/sitio\/wp-json\/wp\/v2\/users\/4"}],"replies":[{"embeddable":true,"href":"https:\/\/eldiariodesanpedro.com.ar\/sitio\/wp-json\/wp\/v2\/comments?post=31137"}],"version-history":[{"count":1,"href":"https:\/\/eldiariodesanpedro.com.ar\/sitio\/wp-json\/wp\/v2\/posts\/31137\/revisions"}],"predecessor-version":[{"id":31139,"href":"https:\/\/eldiariodesanpedro.com.ar\/sitio\/wp-json\/wp\/v2\/posts\/31137\/revisions\/31139"}],"wp:featuredmedia":[{"embeddable":true,"href":"https:\/\/eldiariodesanpedro.com.ar\/sitio\/wp-json\/wp\/v2\/media\/31138"}],"wp:attachment":[{"href":"https:\/\/eldiariodesanpedro.com.ar\/sitio\/wp-json\/wp\/v2\/media?parent=31137"}],"wp:term":[{"taxonomy":"category","embeddable":true,"href":"https:\/\/eldiariodesanpedro.com.ar\/sitio\/wp-json\/wp\/v2\/categories?post=31137"},{"taxonomy":"post_tag","embeddable":true,"href":"https:\/\/eldiariodesanpedro.com.ar\/sitio\/wp-json\/wp\/v2\/tags?post=31137"}],"curies":[{"name":"wp","href":"https:\/\/api.w.org\/{rel}","templated":true}]}}