{"id":31133,"date":"2018-04-04T19:32:44","date_gmt":"2018-04-04T22:32:44","guid":{"rendered":"https:\/\/eldiariodesanpedro.com.ar\/sitio\/?p=31133"},"modified":"2018-04-04T19:32:44","modified_gmt":"2018-04-04T22:32:44","slug":"autoridades-municipales-recibieron-al-nuevo-jefe-provincial-de-patrullas-rurales","status":"publish","type":"post","link":"https:\/\/eldiariodesanpedro.com.ar\/sitio\/autoridades-municipales-recibieron-al-nuevo-jefe-provincial-de-patrullas-rurales\/","title":{"rendered":"Autoridades Municipales recibieron al nuevo Jefe Provincial de Patrullas Rurales"},"content":{"rendered":"<p><!-- VideographyWP Plugin Message: Automatic video embedding prevented by plugin options. --><br \/>\nLa Superintendencia de Seguridad Rural de la Provincia de Buenos Aires, dependiente de la Polic\u00eda de la Provincia de Buenos Aires design\u00f3 recientemente al Comisario General Luis Le\u00f3n al frente de la repartici\u00f3n.  El funcionario, junto a una comitiva de autoridades policiales estuvo hoy en San Pedro y se entrevist\u00f3 con autoridades locales e instituciones. <\/p>\n<p>En el despacho del Intendente, fue recibido por el Secretario de Gobierno Silvio Corti, el Secretario de Seguridad Eduardo Rolleri, la Presidenta del Honorable Concejo Deliberante M\u00f3nica Otero y los concejales Garavaglia, Pelletier y Lafalce.  <\/p>\n<p>La Municipalidad de San Pedro viene trabajando mancomunadamente con la Patrulla e interactuando para poder dar respuestas a todas las necesidades que se plantean. Esta charla de presentaci\u00f3n tuvo como finalidad, precisamente, tener un primer contacto personal que facilite el accionar conjunto en el cumplimiento de los objetivos de prevenci\u00f3n e intervenci\u00f3n ante los casos que resulten necesarios.<\/p>\n","protected":false},"excerpt":{"rendered":"<p>La Superintendencia de Seguridad Rural de la Provincia de Buenos Aires, dependiente de la Polic\u00eda de la Provincia de Buenos Aires design\u00f3 recientemente al Comisario General Luis Le\u00f3n al frente de la repartici\u00f3n. El funcionario, junto a una comitiva de autoridades policiales estuvo hoy en San Pedro y se entrevist\u00f3 con autoridades locales e instituciones. [&hellip;]<\/p>\n","protected":false},"author":4,"featured_media":31134,"comment_status":"open","ping_status":"closed","sticky":false,"template":"","format":"standard","meta":{"om_disable_all_campaigns":false,"_jetpack_memberships_contains_paid_content":false,"footnotes":""},"categories":[101,2],"tags":[],"class_list":["post-31133","post","type-post","status-publish","format-standard","has-post-thumbnail","hentry","category-interes-general-locales","category-locales"],"aioseo_notices":[],"gutentor_comment":0,"jetpack_featured_media_url":"https:\/\/eldiariodesanpedro.com.ar\/sitio\/wp-content\/uploads\/2018\/04\/pastedImage-5.png","jetpack_shortlink":"https:\/\/wp.me\/p6RhLt-869","jetpack_sharing_enabled":true,"_links":{"self":[{"href":"https:\/\/eldiariodesanpedro.com.ar\/sitio\/wp-json\/wp\/v2\/posts\/31133","targetHints":{"allow":["GET"]}}],"collection":[{"href":"https:\/\/eldiariodesanpedro.com.ar\/sitio\/wp-json\/wp\/v2\/posts"}],"about":[{"href":"https:\/\/eldiariodesanpedro.com.ar\/sitio\/wp-json\/wp\/v2\/types\/post"}],"author":[{"embeddable":true,"href":"https:\/\/eldiariodesanpedro.com.ar\/sitio\/wp-json\/wp\/v2\/users\/4"}],"replies":[{"embeddable":true,"href":"https:\/\/eldiariodesanpedro.com.ar\/sitio\/wp-json\/wp\/v2\/comments?post=31133"}],"version-history":[{"count":1,"href":"https:\/\/eldiariodesanpedro.com.ar\/sitio\/wp-json\/wp\/v2\/posts\/31133\/revisions"}],"predecessor-version":[{"id":31135,"href":"https:\/\/eldiariodesanpedro.com.ar\/sitio\/wp-json\/wp\/v2\/posts\/31133\/revisions\/31135"}],"wp:featuredmedia":[{"embeddable":true,"href":"https:\/\/eldiariodesanpedro.com.ar\/sitio\/wp-json\/wp\/v2\/media\/31134"}],"wp:attachment":[{"href":"https:\/\/eldiariodesanpedro.com.ar\/sitio\/wp-json\/wp\/v2\/media?parent=31133"}],"wp:term":[{"taxonomy":"category","embeddable":true,"href":"https:\/\/eldiariodesanpedro.com.ar\/sitio\/wp-json\/wp\/v2\/categories?post=31133"},{"taxonomy":"post_tag","embeddable":true,"href":"https:\/\/eldiariodesanpedro.com.ar\/sitio\/wp-json\/wp\/v2\/tags?post=31133"}],"curies":[{"name":"wp","href":"https:\/\/api.w.org\/{rel}","templated":true}]}}