{"id":31130,"date":"2018-04-04T19:29:29","date_gmt":"2018-04-04T22:29:29","guid":{"rendered":"https:\/\/eldiariodesanpedro.com.ar\/sitio\/?p=31130"},"modified":"2018-04-04T19:29:29","modified_gmt":"2018-04-04T22:29:29","slug":"el-nuevo-superintendente-de-seguridad-rural-visito-la-ciudad-y-se-reunio-con-la-gente-de-la-sociedad-rural","status":"publish","type":"post","link":"https:\/\/eldiariodesanpedro.com.ar\/sitio\/el-nuevo-superintendente-de-seguridad-rural-visito-la-ciudad-y-se-reunio-con-la-gente-de-la-sociedad-rural\/","title":{"rendered":"El nuevo Superintendente de Seguridad Rural visito la ciudad y se reuni\u00f3 con la gente de la Sociedad Rural"},"content":{"rendered":"<p><!-- VideographyWP Plugin Message: Automatic video embedding prevented by plugin options. --><br \/>\nEn una de sus primeras actividades recorriendo esta regi\u00f3n visit\u00f3 hoy la Sociedad Rural de San Pedro, el Comisario General Luis Le\u00f3n, Superintendente de Seguridad Rural de la Polic\u00eda de la Provincia de Buenos Aires. A pocos d\u00edas de haber asumido en el cargo, respondi\u00f3 a la invitaci\u00f3n de nuestra entidad y particip\u00f3 junto a otros funcionarios policiales de un productivo encuentro. Con excelente predisposici\u00f3n, brind\u00f3 informaci\u00f3n sobre la situaci\u00f3n en la que hoy se encuentra la repartici\u00f3n a su cargo, siempre condicionada por la disponibilidad de medios para poder cubrir un territorio tan amplio. <\/p>\n<p>Durante el encuentro se expusieron las preocupaciones m\u00e1s recientes de nuestra regi\u00f3n hablando sobre algunos casos testigo y se reiter\u00f3 la predisposici\u00f3n absoluta al trabajo en conjunto, del mismo modo en el que se ven\u00eda coordinando con la anterior administraci\u00f3n. El canal de di\u00e1logo qued\u00f3 abierto y tambi\u00e9n la concreta posibilidad de recibir un nuevo m\u00f3vil para trabajar en la zona. <\/p>\n<p>Junto al Comisario Le\u00f3n estuvieron en la reuni\u00f3n, el Comisario Mayor Sergio Fitipaldi Coordinador de Seguridad Rural, la Secretaria Jefa de Relaciones P\u00fablicas Zonal Oficial Subinspectora Gabriela Rita Guti\u00e9rrez, el Jefe del Comando de Patrulla Rural San Pedro  Subcomisario Daniel Corsa y el Comisario Claudio Banegas.<\/p>\n","protected":false},"excerpt":{"rendered":"<p>En una de sus primeras actividades recorriendo esta regi\u00f3n visit\u00f3 hoy la Sociedad Rural de San Pedro, el Comisario General Luis Le\u00f3n, Superintendente de Seguridad Rural de la Polic\u00eda de la Provincia de Buenos Aires. A pocos d\u00edas de haber asumido en el cargo, respondi\u00f3 a la invitaci\u00f3n de nuestra entidad y particip\u00f3 junto a [&hellip;]<\/p>\n","protected":false},"author":4,"featured_media":31131,"comment_status":"open","ping_status":"closed","sticky":false,"template":"","format":"standard","meta":{"om_disable_all_campaigns":false,"_jetpack_memberships_contains_paid_content":false,"footnotes":""},"categories":[101,2],"tags":[],"class_list":["post-31130","post","type-post","status-publish","format-standard","has-post-thumbnail","hentry","category-interes-general-locales","category-locales"],"aioseo_notices":[],"gutentor_comment":0,"jetpack_featured_media_url":"https:\/\/eldiariodesanpedro.com.ar\/sitio\/wp-content\/uploads\/2018\/04\/PAGINA-4.jpg","jetpack_shortlink":"https:\/\/wp.me\/p6RhLt-866","jetpack_sharing_enabled":true,"_links":{"self":[{"href":"https:\/\/eldiariodesanpedro.com.ar\/sitio\/wp-json\/wp\/v2\/posts\/31130","targetHints":{"allow":["GET"]}}],"collection":[{"href":"https:\/\/eldiariodesanpedro.com.ar\/sitio\/wp-json\/wp\/v2\/posts"}],"about":[{"href":"https:\/\/eldiariodesanpedro.com.ar\/sitio\/wp-json\/wp\/v2\/types\/post"}],"author":[{"embeddable":true,"href":"https:\/\/eldiariodesanpedro.com.ar\/sitio\/wp-json\/wp\/v2\/users\/4"}],"replies":[{"embeddable":true,"href":"https:\/\/eldiariodesanpedro.com.ar\/sitio\/wp-json\/wp\/v2\/comments?post=31130"}],"version-history":[{"count":1,"href":"https:\/\/eldiariodesanpedro.com.ar\/sitio\/wp-json\/wp\/v2\/posts\/31130\/revisions"}],"predecessor-version":[{"id":31132,"href":"https:\/\/eldiariodesanpedro.com.ar\/sitio\/wp-json\/wp\/v2\/posts\/31130\/revisions\/31132"}],"wp:featuredmedia":[{"embeddable":true,"href":"https:\/\/eldiariodesanpedro.com.ar\/sitio\/wp-json\/wp\/v2\/media\/31131"}],"wp:attachment":[{"href":"https:\/\/eldiariodesanpedro.com.ar\/sitio\/wp-json\/wp\/v2\/media?parent=31130"}],"wp:term":[{"taxonomy":"category","embeddable":true,"href":"https:\/\/eldiariodesanpedro.com.ar\/sitio\/wp-json\/wp\/v2\/categories?post=31130"},{"taxonomy":"post_tag","embeddable":true,"href":"https:\/\/eldiariodesanpedro.com.ar\/sitio\/wp-json\/wp\/v2\/tags?post=31130"}],"curies":[{"name":"wp","href":"https:\/\/api.w.org\/{rel}","templated":true}]}}