{"id":31119,"date":"2018-04-04T19:06:18","date_gmt":"2018-04-04T22:06:18","guid":{"rendered":"https:\/\/eldiariodesanpedro.com.ar\/sitio\/?p=31119"},"modified":"2018-04-04T20:08:35","modified_gmt":"2018-04-04T23:08:35","slug":"un-automovil-colisiono-a-un-joven-que-circulaba-en-motocicleta","status":"publish","type":"post","link":"https:\/\/eldiariodesanpedro.com.ar\/sitio\/un-automovil-colisiono-a-un-joven-que-circulaba-en-motocicleta\/","title":{"rendered":"Un autom\u00f3vil colisiono a un joven que circulaba en bicicleta"},"content":{"rendered":"<p><!-- VideographyWP Plugin Message: Automatic video embedding prevented by plugin options. --><br \/>\nEste mi\u00e9rcoles en horas de la tarde pasadas las 17:00 hs se produjo un accidente de transito en zona centrica, mas precisamente en la esquina de Mitre y Las Heras frente al Banco Provincia, donde un joven mayor de edad que circulaba en una bicicleta tipo playera fue colisionado por un hombre tambi\u00e9n mayor de edad que conduc\u00eda un autom\u00f3vil Fiat Siena color gris.<\/p>\n<p>Tras el impacto y caer a la cinta asf\u00e1ltica el joven presentaba un corte en el cuero cabelludo por lo que fue trasladado a guardia r\u00e1pidamente por el servicio del SAME, se pudo constatar que se encuentra fuera de peligro.<\/p>\n","protected":false},"excerpt":{"rendered":"<p>Este mi\u00e9rcoles en horas de la tarde pasadas las 17:00 hs se produjo un accidente de transito en zona centrica, mas precisamente en la esquina de Mitre y Las Heras frente al Banco Provincia, donde un joven mayor de edad que circulaba en una bicicleta tipo playera fue colisionado por un hombre tambi\u00e9n mayor de [&hellip;]<\/p>\n","protected":false},"author":4,"featured_media":31123,"comment_status":"open","ping_status":"closed","sticky":false,"template":"","format":"standard","meta":{"om_disable_all_campaigns":false,"_jetpack_memberships_contains_paid_content":false,"footnotes":""},"categories":[2,103],"tags":[],"class_list":["post-31119","post","type-post","status-publish","format-standard","has-post-thumbnail","hentry","category-locales","category-policiales-locales"],"aioseo_notices":[],"gutentor_comment":0,"jetpack_featured_media_url":"https:\/\/eldiariodesanpedro.com.ar\/sitio\/wp-content\/uploads\/2018\/04\/20180404_172751-e1522879564624.jpg","jetpack_shortlink":"https:\/\/wp.me\/p6RhLt-85V","jetpack_sharing_enabled":true,"_links":{"self":[{"href":"https:\/\/eldiariodesanpedro.com.ar\/sitio\/wp-json\/wp\/v2\/posts\/31119","targetHints":{"allow":["GET"]}}],"collection":[{"href":"https:\/\/eldiariodesanpedro.com.ar\/sitio\/wp-json\/wp\/v2\/posts"}],"about":[{"href":"https:\/\/eldiariodesanpedro.com.ar\/sitio\/wp-json\/wp\/v2\/types\/post"}],"author":[{"embeddable":true,"href":"https:\/\/eldiariodesanpedro.com.ar\/sitio\/wp-json\/wp\/v2\/users\/4"}],"replies":[{"embeddable":true,"href":"https:\/\/eldiariodesanpedro.com.ar\/sitio\/wp-json\/wp\/v2\/comments?post=31119"}],"version-history":[{"count":3,"href":"https:\/\/eldiariodesanpedro.com.ar\/sitio\/wp-json\/wp\/v2\/posts\/31119\/revisions"}],"predecessor-version":[{"id":31144,"href":"https:\/\/eldiariodesanpedro.com.ar\/sitio\/wp-json\/wp\/v2\/posts\/31119\/revisions\/31144"}],"wp:featuredmedia":[{"embeddable":true,"href":"https:\/\/eldiariodesanpedro.com.ar\/sitio\/wp-json\/wp\/v2\/media\/31123"}],"wp:attachment":[{"href":"https:\/\/eldiariodesanpedro.com.ar\/sitio\/wp-json\/wp\/v2\/media?parent=31119"}],"wp:term":[{"taxonomy":"category","embeddable":true,"href":"https:\/\/eldiariodesanpedro.com.ar\/sitio\/wp-json\/wp\/v2\/categories?post=31119"},{"taxonomy":"post_tag","embeddable":true,"href":"https:\/\/eldiariodesanpedro.com.ar\/sitio\/wp-json\/wp\/v2\/tags?post=31119"}],"curies":[{"name":"wp","href":"https:\/\/api.w.org\/{rel}","templated":true}]}}