{"id":31116,"date":"2018-04-04T17:16:39","date_gmt":"2018-04-04T20:16:39","guid":{"rendered":"https:\/\/eldiariodesanpedro.com.ar\/sitio\/?p=31116"},"modified":"2018-04-04T17:16:39","modified_gmt":"2018-04-04T20:16:39","slug":"funcionarios-del-ministerio-de-hacienda-mano-a-mano-con-empresarios-locales","status":"publish","type":"post","link":"https:\/\/eldiariodesanpedro.com.ar\/sitio\/funcionarios-del-ministerio-de-hacienda-mano-a-mano-con-empresarios-locales\/","title":{"rendered":"Funcionarios del Ministerio de Hacienda Mano a Mano con empresarios locales"},"content":{"rendered":"<p><!-- VideographyWP Plugin Message: Automatic video embedding prevented by plugin options. --><br \/>\nSe cumple en la jornada de hoy con la agenda prevista, recibiendo en San Pedro un equipo de la Subsecretar\u00eda de Programaci\u00f3n Macroecon\u00f3mica del Ministerio de Hacienda de La Naci\u00f3n encabezado por el Licenciado en Econom\u00eda Luciano Cohan. <\/p>\n<p>Adem\u00e1s de las reuniones de presentaci\u00f3n con autoridades locales, el grupo lleg\u00f3 a nuestra ciudad para entrevistarse con empresarios de la regi\u00f3n. <\/p>\n<p>En una conferencia de prensa que tambi\u00e9n sirvi\u00f3 de apertura para la charla con representantes de la Mesa Multisectorial y empresarios invitados, el funcionario anticip\u00f3 que estos espacios de di\u00e1logo denominados \u00abAs\u00ed Estamos\u00bb acercan a quienes hoy est\u00e1n trabajando en los diferentes aspectos de la econom\u00eda nacional a quienes vivencian d\u00eda a d\u00eda lo que ocurren en las actividades que contribuyen al movimiento econ\u00f3mico de cada regi\u00f3n.<\/p>\n<p>Cohan se refiri\u00f3 a dos objetivos espec\u00edficos. Por un lado, recibir informaci\u00f3n directa de empresarios, dirigentes y entidades que tienen que ver con esto, y por otro, intentar revertir la sensaci\u00f3n de que no se est\u00e1n comunicando adecuadamente todas las medidas que se han tomado desde el comienzo de esta gesti\u00f3n, las herramientas disponibles y lo que se proyecta para el futuro.<\/p>\n<p>Luego de la reuni\u00f3n en la Casona de Turismo, los participantes compartir\u00e1n un almuerzo para cerrar la agenda.<\/p>\n","protected":false},"excerpt":{"rendered":"<p>Se cumple en la jornada de hoy con la agenda prevista, recibiendo en San Pedro un equipo de la Subsecretar\u00eda de Programaci\u00f3n Macroecon\u00f3mica del Ministerio de Hacienda de La Naci\u00f3n encabezado por el Licenciado en Econom\u00eda Luciano Cohan. Adem\u00e1s de las reuniones de presentaci\u00f3n con autoridades locales, el grupo lleg\u00f3 a nuestra ciudad para entrevistarse [&hellip;]<\/p>\n","protected":false},"author":4,"featured_media":31118,"comment_status":"open","ping_status":"closed","sticky":false,"template":"","format":"standard","meta":{"om_disable_all_campaigns":false,"_jetpack_memberships_contains_paid_content":false,"footnotes":""},"categories":[50,2,102],"tags":[],"class_list":["post-31116","post","type-post","status-publish","format-standard","has-post-thumbnail","hentry","category-destacadas","category-locales","category-politica-locales"],"aioseo_notices":[],"gutentor_comment":0,"jetpack_featured_media_url":"https:\/\/eldiariodesanpedro.com.ar\/sitio\/wp-content\/uploads\/2018\/04\/2018-MULTI2.jpg","jetpack_shortlink":"https:\/\/wp.me\/p6RhLt-85S","jetpack_sharing_enabled":true,"_links":{"self":[{"href":"https:\/\/eldiariodesanpedro.com.ar\/sitio\/wp-json\/wp\/v2\/posts\/31116","targetHints":{"allow":["GET"]}}],"collection":[{"href":"https:\/\/eldiariodesanpedro.com.ar\/sitio\/wp-json\/wp\/v2\/posts"}],"about":[{"href":"https:\/\/eldiariodesanpedro.com.ar\/sitio\/wp-json\/wp\/v2\/types\/post"}],"author":[{"embeddable":true,"href":"https:\/\/eldiariodesanpedro.com.ar\/sitio\/wp-json\/wp\/v2\/users\/4"}],"replies":[{"embeddable":true,"href":"https:\/\/eldiariodesanpedro.com.ar\/sitio\/wp-json\/wp\/v2\/comments?post=31116"}],"version-history":[{"count":1,"href":"https:\/\/eldiariodesanpedro.com.ar\/sitio\/wp-json\/wp\/v2\/posts\/31116\/revisions"}],"predecessor-version":[{"id":31117,"href":"https:\/\/eldiariodesanpedro.com.ar\/sitio\/wp-json\/wp\/v2\/posts\/31116\/revisions\/31117"}],"wp:featuredmedia":[{"embeddable":true,"href":"https:\/\/eldiariodesanpedro.com.ar\/sitio\/wp-json\/wp\/v2\/media\/31118"}],"wp:attachment":[{"href":"https:\/\/eldiariodesanpedro.com.ar\/sitio\/wp-json\/wp\/v2\/media?parent=31116"}],"wp:term":[{"taxonomy":"category","embeddable":true,"href":"https:\/\/eldiariodesanpedro.com.ar\/sitio\/wp-json\/wp\/v2\/categories?post=31116"},{"taxonomy":"post_tag","embeddable":true,"href":"https:\/\/eldiariodesanpedro.com.ar\/sitio\/wp-json\/wp\/v2\/tags?post=31116"}],"curies":[{"name":"wp","href":"https:\/\/api.w.org\/{rel}","templated":true}]}}