{"id":31113,"date":"2018-04-04T16:26:10","date_gmt":"2018-04-04T19:26:10","guid":{"rendered":"https:\/\/eldiariodesanpedro.com.ar\/sitio\/?p=31113"},"modified":"2018-04-04T16:26:10","modified_gmt":"2018-04-04T19:26:10","slug":"zarate-asaltaron-y-destrozaron-la-escuela-n-6-de-villa-fox","status":"publish","type":"post","link":"https:\/\/eldiariodesanpedro.com.ar\/sitio\/zarate-asaltaron-y-destrozaron-la-escuela-n-6-de-villa-fox\/","title":{"rendered":"Z\u00c1RATE: Asaltaron y destrozaron la Escuela N\u00b0 6 de Villa Fox"},"content":{"rendered":"<p><!-- VideographyWP Plugin Message: Automatic video embedding prevented by plugin options. --><br \/>\nUn grupo de delincuentes asalt\u00f3 esta madrugada la Escuela N\u00b0 6 del barrio Villa Fox de Z\u00e1rate, causando destrozos y p\u00e9rdidas incalculables a la instituci\u00f3n.<\/p>\n<p>\u201cEl nivel de violencia y destrozos fue important\u00edsimo. Se llevaron computadoras, equipos de m\u00fasica, piazarras el\u00e9ctricticas, materiales, de todo\u201d se\u00f1alaron directivos esta ma\u00f1ana.<\/p>\n<p>Y agregaron: \u201clo que no se pudieron llevar lo rompieron. Tanto esfuerzo d\u00eda a d\u00eda para que hoy se lo hayan llevado todo\u201d.<\/p>\n<p>Polic\u00eda Cient\u00edfica se encuentra realizando el peritaje correspondiente. Autoridades del Consejo Escolar tambi\u00e9n acudieron hasta la escuela.<\/p>\n<p>La denuncia est\u00e1 siendo escrita en la Comisar\u00eda 1ra.<\/p>\n<p>Fuente: Enlace Critico<\/p>\n","protected":false},"excerpt":{"rendered":"<p>Un grupo de delincuentes asalt\u00f3 esta madrugada la Escuela N\u00b0 6 del barrio Villa Fox de Z\u00e1rate, causando destrozos y p\u00e9rdidas incalculables a la instituci\u00f3n. \u201cEl nivel de violencia y destrozos fue important\u00edsimo. Se llevaron computadoras, equipos de m\u00fasica, piazarras el\u00e9ctricticas, materiales, de todo\u201d se\u00f1alaron directivos esta ma\u00f1ana. Y agregaron: \u201clo que no se pudieron [&hellip;]<\/p>\n","protected":false},"author":4,"featured_media":31114,"comment_status":"open","ping_status":"closed","sticky":false,"template":"","format":"standard","meta":{"om_disable_all_campaigns":false,"_jetpack_memberships_contains_paid_content":false,"footnotes":""},"categories":[621],"tags":[],"class_list":["post-31113","post","type-post","status-publish","format-standard","has-post-thumbnail","hentry","category-regionales"],"aioseo_notices":[],"gutentor_comment":0,"jetpack_featured_media_url":"https:\/\/eldiariodesanpedro.com.ar\/sitio\/wp-content\/uploads\/2018\/04\/20180404_100017.jpg","jetpack_shortlink":"https:\/\/wp.me\/p6RhLt-85P","jetpack_sharing_enabled":true,"_links":{"self":[{"href":"https:\/\/eldiariodesanpedro.com.ar\/sitio\/wp-json\/wp\/v2\/posts\/31113","targetHints":{"allow":["GET"]}}],"collection":[{"href":"https:\/\/eldiariodesanpedro.com.ar\/sitio\/wp-json\/wp\/v2\/posts"}],"about":[{"href":"https:\/\/eldiariodesanpedro.com.ar\/sitio\/wp-json\/wp\/v2\/types\/post"}],"author":[{"embeddable":true,"href":"https:\/\/eldiariodesanpedro.com.ar\/sitio\/wp-json\/wp\/v2\/users\/4"}],"replies":[{"embeddable":true,"href":"https:\/\/eldiariodesanpedro.com.ar\/sitio\/wp-json\/wp\/v2\/comments?post=31113"}],"version-history":[{"count":1,"href":"https:\/\/eldiariodesanpedro.com.ar\/sitio\/wp-json\/wp\/v2\/posts\/31113\/revisions"}],"predecessor-version":[{"id":31115,"href":"https:\/\/eldiariodesanpedro.com.ar\/sitio\/wp-json\/wp\/v2\/posts\/31113\/revisions\/31115"}],"wp:featuredmedia":[{"embeddable":true,"href":"https:\/\/eldiariodesanpedro.com.ar\/sitio\/wp-json\/wp\/v2\/media\/31114"}],"wp:attachment":[{"href":"https:\/\/eldiariodesanpedro.com.ar\/sitio\/wp-json\/wp\/v2\/media?parent=31113"}],"wp:term":[{"taxonomy":"category","embeddable":true,"href":"https:\/\/eldiariodesanpedro.com.ar\/sitio\/wp-json\/wp\/v2\/categories?post=31113"},{"taxonomy":"post_tag","embeddable":true,"href":"https:\/\/eldiariodesanpedro.com.ar\/sitio\/wp-json\/wp\/v2\/tags?post=31113"}],"curies":[{"name":"wp","href":"https:\/\/api.w.org\/{rel}","templated":true}]}}