{"id":31110,"date":"2018-04-04T16:20:42","date_gmt":"2018-04-04T19:20:42","guid":{"rendered":"https:\/\/eldiariodesanpedro.com.ar\/sitio\/?p=31110"},"modified":"2018-04-04T16:20:42","modified_gmt":"2018-04-04T19:20:42","slug":"campana-violento-choque-en-colectora-norte-de-campana","status":"publish","type":"post","link":"https:\/\/eldiariodesanpedro.com.ar\/sitio\/campana-violento-choque-en-colectora-norte-de-campana\/","title":{"rendered":"CAMPANA: Violento choque en Colectora Norte de Campana"},"content":{"rendered":"<p><!-- VideographyWP Plugin Message: Automatic video embedding prevented by plugin options. --><br \/>\nUn total de cinco personas debieron ser asistidas por Bomberos Voluntarios y trasladadas al Hospital Municipal, luego de un violento choque que tuvo lugar esta ma\u00f1ana de lunes, en Colectora Norte a la altura de la calle Viamonte.<\/p>\n<p>A bordo de un VW Gol circulaban Cristi\u00e1n Valerio, Brian Albelo, Gast\u00f3n Bravo y Juan Pablo Retamozo, quien llev\u00f3 las consecuencias m\u00e1s graves al resultar con una fractura de cr\u00e1neo y contusi\u00f3n cerebral con hemorragia interna, por lo que permanece internado en la Unidad de Terapia Intensiva hospitalaria. Los dem\u00e1s, sufrieron heridas de alg\u00fan tipo, aunque seg\u00fan trascendi\u00f3, sin mayores inconvenientes, tras impactar con un Chery QQ.<\/p>\n<p>Respecto a \u00e9ste veh\u00edculo, su conductora, Pilar Escalante, tambi\u00e9n tuvo que ser hospitalizada con varias fracturas luego de requerir asistencia para poder salir del veh\u00edculo.<\/p>\n<p>El impacto dej\u00f3 a sendos rodados con serios da\u00f1os, al tiempo que el Chevy termin\u00f3 sobre una de los laterales parquizados, que separan la Colectora de Panamericana.<\/p>\n<p>Intervino en el traslado de los heridos el m\u00f3vil 43 de Bomberos, en colaboraci\u00f3n con la unidad policial 23198.<\/p>\n<p>Fuente: Campana Noticias<\/p>\n","protected":false},"excerpt":{"rendered":"<p>Un total de cinco personas debieron ser asistidas por Bomberos Voluntarios y trasladadas al Hospital Municipal, luego de un violento choque que tuvo lugar esta ma\u00f1ana de lunes, en Colectora Norte a la altura de la calle Viamonte. A bordo de un VW Gol circulaban Cristi\u00e1n Valerio, Brian Albelo, Gast\u00f3n Bravo y Juan Pablo Retamozo, [&hellip;]<\/p>\n","protected":false},"author":4,"featured_media":31111,"comment_status":"open","ping_status":"closed","sticky":false,"template":"","format":"standard","meta":{"om_disable_all_campaigns":false,"_jetpack_memberships_contains_paid_content":false,"footnotes":""},"categories":[621],"tags":[],"class_list":["post-31110","post","type-post","status-publish","format-standard","has-post-thumbnail","hentry","category-regionales"],"aioseo_notices":[],"gutentor_comment":0,"jetpack_featured_media_url":"https:\/\/eldiariodesanpedro.com.ar\/sitio\/wp-content\/uploads\/2018\/04\/20180402014310_657x400.jpg","jetpack_shortlink":"https:\/\/wp.me\/p6RhLt-85M","jetpack_sharing_enabled":true,"_links":{"self":[{"href":"https:\/\/eldiariodesanpedro.com.ar\/sitio\/wp-json\/wp\/v2\/posts\/31110","targetHints":{"allow":["GET"]}}],"collection":[{"href":"https:\/\/eldiariodesanpedro.com.ar\/sitio\/wp-json\/wp\/v2\/posts"}],"about":[{"href":"https:\/\/eldiariodesanpedro.com.ar\/sitio\/wp-json\/wp\/v2\/types\/post"}],"author":[{"embeddable":true,"href":"https:\/\/eldiariodesanpedro.com.ar\/sitio\/wp-json\/wp\/v2\/users\/4"}],"replies":[{"embeddable":true,"href":"https:\/\/eldiariodesanpedro.com.ar\/sitio\/wp-json\/wp\/v2\/comments?post=31110"}],"version-history":[{"count":1,"href":"https:\/\/eldiariodesanpedro.com.ar\/sitio\/wp-json\/wp\/v2\/posts\/31110\/revisions"}],"predecessor-version":[{"id":31112,"href":"https:\/\/eldiariodesanpedro.com.ar\/sitio\/wp-json\/wp\/v2\/posts\/31110\/revisions\/31112"}],"wp:featuredmedia":[{"embeddable":true,"href":"https:\/\/eldiariodesanpedro.com.ar\/sitio\/wp-json\/wp\/v2\/media\/31111"}],"wp:attachment":[{"href":"https:\/\/eldiariodesanpedro.com.ar\/sitio\/wp-json\/wp\/v2\/media?parent=31110"}],"wp:term":[{"taxonomy":"category","embeddable":true,"href":"https:\/\/eldiariodesanpedro.com.ar\/sitio\/wp-json\/wp\/v2\/categories?post=31110"},{"taxonomy":"post_tag","embeddable":true,"href":"https:\/\/eldiariodesanpedro.com.ar\/sitio\/wp-json\/wp\/v2\/tags?post=31110"}],"curies":[{"name":"wp","href":"https:\/\/api.w.org\/{rel}","templated":true}]}}