{"id":31107,"date":"2018-04-04T16:13:00","date_gmt":"2018-04-04T19:13:00","guid":{"rendered":"https:\/\/eldiariodesanpedro.com.ar\/sitio\/?p=31107"},"modified":"2018-04-04T16:13:00","modified_gmt":"2018-04-04T19:13:00","slug":"campana-pavoroso-incendio-en-campana","status":"publish","type":"post","link":"https:\/\/eldiariodesanpedro.com.ar\/sitio\/campana-pavoroso-incendio-en-campana\/","title":{"rendered":"CAMPANA: Pavoroso incendio en Campana"},"content":{"rendered":"<p><!-- VideographyWP Plugin Message: Automatic video embedding prevented by plugin options. --><br \/>\nUn pavoroso incendio se desat\u00f3 en una tapicer\u00eda que funcionaba en la intersecci\u00f3n de las calles Alberti y  Avenida Per\u00f3n, con el saldo de un bombero herido seg\u00fan transcendi\u00f3 a \u00faltimo momento.<\/p>\n<p>Se hizo presente personal de Polic\u00eda Local, C\u00e1mara m\u00f3vil del CIMOPU, Personal del Comando de Patrulla y dos dotaciones de Bomberos.<\/p>\n<p>Antes de la llegada del personal del cuartel N\u00ba 37, vecinos de fincas lindantes comenzaron a echar agua con mangueras domiciliarias para evitar la propagaci\u00f3n del fuego hacia sus viviendas ya que pr\u00e1cticamente la construcci\u00f3n de chapa y madera fue devorada por el fuego en segundos.<\/p>\n<p>El fuego alert\u00f3 a los vecinos e incluso a la comunidad educativa del Colegio Santo Tom\u00e1s de Aquino.<\/p>\n<p>Fuente: Campana Argentina<\/p>\n","protected":false},"excerpt":{"rendered":"<p>Un pavoroso incendio se desat\u00f3 en una tapicer\u00eda que funcionaba en la intersecci\u00f3n de las calles Alberti y Avenida Per\u00f3n, con el saldo de un bombero herido seg\u00fan transcendi\u00f3 a \u00faltimo momento. Se hizo presente personal de Polic\u00eda Local, C\u00e1mara m\u00f3vil del CIMOPU, Personal del Comando de Patrulla y dos dotaciones de Bomberos. Antes de [&hellip;]<\/p>\n","protected":false},"author":4,"featured_media":31108,"comment_status":"open","ping_status":"closed","sticky":false,"template":"","format":"standard","meta":{"om_disable_all_campaigns":false,"_jetpack_memberships_contains_paid_content":false,"footnotes":""},"categories":[621],"tags":[],"class_list":["post-31107","post","type-post","status-publish","format-standard","has-post-thumbnail","hentry","category-regionales"],"aioseo_notices":[],"gutentor_comment":0,"jetpack_featured_media_url":"https:\/\/eldiariodesanpedro.com.ar\/sitio\/wp-content\/uploads\/2018\/04\/DSC_3475_658x400.jpg","jetpack_shortlink":"https:\/\/wp.me\/p6RhLt-85J","jetpack_sharing_enabled":true,"_links":{"self":[{"href":"https:\/\/eldiariodesanpedro.com.ar\/sitio\/wp-json\/wp\/v2\/posts\/31107","targetHints":{"allow":["GET"]}}],"collection":[{"href":"https:\/\/eldiariodesanpedro.com.ar\/sitio\/wp-json\/wp\/v2\/posts"}],"about":[{"href":"https:\/\/eldiariodesanpedro.com.ar\/sitio\/wp-json\/wp\/v2\/types\/post"}],"author":[{"embeddable":true,"href":"https:\/\/eldiariodesanpedro.com.ar\/sitio\/wp-json\/wp\/v2\/users\/4"}],"replies":[{"embeddable":true,"href":"https:\/\/eldiariodesanpedro.com.ar\/sitio\/wp-json\/wp\/v2\/comments?post=31107"}],"version-history":[{"count":1,"href":"https:\/\/eldiariodesanpedro.com.ar\/sitio\/wp-json\/wp\/v2\/posts\/31107\/revisions"}],"predecessor-version":[{"id":31109,"href":"https:\/\/eldiariodesanpedro.com.ar\/sitio\/wp-json\/wp\/v2\/posts\/31107\/revisions\/31109"}],"wp:featuredmedia":[{"embeddable":true,"href":"https:\/\/eldiariodesanpedro.com.ar\/sitio\/wp-json\/wp\/v2\/media\/31108"}],"wp:attachment":[{"href":"https:\/\/eldiariodesanpedro.com.ar\/sitio\/wp-json\/wp\/v2\/media?parent=31107"}],"wp:term":[{"taxonomy":"category","embeddable":true,"href":"https:\/\/eldiariodesanpedro.com.ar\/sitio\/wp-json\/wp\/v2\/categories?post=31107"},{"taxonomy":"post_tag","embeddable":true,"href":"https:\/\/eldiariodesanpedro.com.ar\/sitio\/wp-json\/wp\/v2\/tags?post=31107"}],"curies":[{"name":"wp","href":"https:\/\/api.w.org\/{rel}","templated":true}]}}