{"id":31101,"date":"2018-04-04T16:05:01","date_gmt":"2018-04-04T19:05:01","guid":{"rendered":"https:\/\/eldiariodesanpedro.com.ar\/sitio\/?p=31101"},"modified":"2018-04-04T16:05:01","modified_gmt":"2018-04-04T19:05:01","slug":"baradero-el-abuelo-de-la-nena-que-habia-sido-picada-fue-picado-por-segunda-vez","status":"publish","type":"post","link":"https:\/\/eldiariodesanpedro.com.ar\/sitio\/baradero-el-abuelo-de-la-nena-que-habia-sido-picada-fue-picado-por-segunda-vez\/","title":{"rendered":"BARADERO: El abuelo de la nena que hab\u00eda sido picada, fue picado por segunda vez"},"content":{"rendered":"<p><!-- VideographyWP Plugin Message: Automatic video embedding prevented by plugin options. --><br \/>\nPocho Martinez brind\u00f3 los detalles este martes de c\u00f3mo su nieta debi\u00f3 ser hospitalizada por haber sido picada por un alacr\u00e1n venenoso. Esta madrugada, \u00e9l fue v\u00edctima de un ejemplar de estos ar\u00e1cnidos por segunda vez. Ya que hace un mes hab\u00eda sido alcanzado por un alacr\u00e1n. El reclamo del Barrio del Cementerio sigue sin respuestas. Varias familias que conviven con basura que no le pertenece y que pone en riesgo principalmente a los m\u00e1s peque\u00f1os. Martinez este mi\u00e9rcoles cont\u00f3 su indignaci\u00f3n ante la respuesta de los funcionarios. <\/p>\n<p>Relat\u00f3 que este martes por la noche tendi\u00f3 su cama, us\u00f3 insecticida en la habitaci\u00f3n y fue a la cocina a mirar una pel\u00edcula. Alrededor de la una de la madrugada, al meterse entre las s\u00e1banas, siente un pinchazo y al mirar encuentra el alacr\u00e1n en su cama.<\/p>\n<p>\u201cQuisiera que vieran, yo alumbre anoche el basural, porque me daba curiosidad de donde sal\u00edan tantos, yo vi cinco con ara\u00f1as con de todo\u201d<\/p>\n<p>Martinez cont\u00f3 que esta ma\u00f1ana pudo mantener una conversaci\u00f3n a trav\u00e9s de redes sociales con la intendenta Fernanda Antonijevic. \u201cReci\u00e9n estaba hablando por Face con la intendenta y me dijo que ella ignora todo el basural que esta ac\u00e1 atr\u00e1s de mi casa y que no hay veneno para los alacranes. As\u00ed que ac\u00e1 la gente que la siga picando hasta que muera un chico, mate alguna criatura. Por lo que hizo la intendenta, ser\u00e1 que nosotros vivimos en el bajo\u201d manifest\u00f3.<\/p>\n<p>\u201cNo estamos hablando de pol\u00edtica no estamos hablando de nada raro, estamos hablando de la seguridad de las criaturas\u201d<\/p>\n<p>Se mostr\u00f3 muy disconforme respecto de las respuestas que han obtenido durante estos \u00faltimos meses sobre esta problem\u00e1tica que contin\u00faa. \u201cTapan todo, por favor les digo\u201d remarc\u00f3. Adem\u00e1s denunci\u00f3 \u201cvos hablas y enseguida te quieren apretar de todos lados para hacerte callar la boca porque yo soy empleado municipal\u201d.<\/p>\n<p>El hombre se dirigi\u00f3 inmediatamente al hospital municipal en donde le aplicaron una inyecci\u00f3n y volvi\u00f3 a su casa. Si bien llev\u00f3 el ejemplar vivo, afirma que le dijeron que no iba a ser analizado.<\/p>\n<p>Fuente: Tu Linea Directa<\/p>\n","protected":false},"excerpt":{"rendered":"<p>Pocho Martinez brind\u00f3 los detalles este martes de c\u00f3mo su nieta debi\u00f3 ser hospitalizada por haber sido picada por un alacr\u00e1n venenoso. Esta madrugada, \u00e9l fue v\u00edctima de un ejemplar de estos ar\u00e1cnidos por segunda vez. Ya que hace un mes hab\u00eda sido alcanzado por un alacr\u00e1n. El reclamo del Barrio del Cementerio sigue sin [&hellip;]<\/p>\n","protected":false},"author":4,"featured_media":31102,"comment_status":"open","ping_status":"closed","sticky":false,"template":"","format":"standard","meta":{"om_disable_all_campaigns":false,"_jetpack_memberships_contains_paid_content":false,"footnotes":""},"categories":[621],"tags":[],"class_list":["post-31101","post","type-post","status-publish","format-standard","has-post-thumbnail","hentry","category-regionales"],"aioseo_notices":[],"gutentor_comment":0,"jetpack_featured_media_url":"https:\/\/eldiariodesanpedro.com.ar\/sitio\/wp-content\/uploads\/2018\/04\/alacrann-681x599.jpg","jetpack_shortlink":"https:\/\/wp.me\/p6RhLt-85D","jetpack_sharing_enabled":true,"_links":{"self":[{"href":"https:\/\/eldiariodesanpedro.com.ar\/sitio\/wp-json\/wp\/v2\/posts\/31101","targetHints":{"allow":["GET"]}}],"collection":[{"href":"https:\/\/eldiariodesanpedro.com.ar\/sitio\/wp-json\/wp\/v2\/posts"}],"about":[{"href":"https:\/\/eldiariodesanpedro.com.ar\/sitio\/wp-json\/wp\/v2\/types\/post"}],"author":[{"embeddable":true,"href":"https:\/\/eldiariodesanpedro.com.ar\/sitio\/wp-json\/wp\/v2\/users\/4"}],"replies":[{"embeddable":true,"href":"https:\/\/eldiariodesanpedro.com.ar\/sitio\/wp-json\/wp\/v2\/comments?post=31101"}],"version-history":[{"count":1,"href":"https:\/\/eldiariodesanpedro.com.ar\/sitio\/wp-json\/wp\/v2\/posts\/31101\/revisions"}],"predecessor-version":[{"id":31103,"href":"https:\/\/eldiariodesanpedro.com.ar\/sitio\/wp-json\/wp\/v2\/posts\/31101\/revisions\/31103"}],"wp:featuredmedia":[{"embeddable":true,"href":"https:\/\/eldiariodesanpedro.com.ar\/sitio\/wp-json\/wp\/v2\/media\/31102"}],"wp:attachment":[{"href":"https:\/\/eldiariodesanpedro.com.ar\/sitio\/wp-json\/wp\/v2\/media?parent=31101"}],"wp:term":[{"taxonomy":"category","embeddable":true,"href":"https:\/\/eldiariodesanpedro.com.ar\/sitio\/wp-json\/wp\/v2\/categories?post=31101"},{"taxonomy":"post_tag","embeddable":true,"href":"https:\/\/eldiariodesanpedro.com.ar\/sitio\/wp-json\/wp\/v2\/tags?post=31101"}],"curies":[{"name":"wp","href":"https:\/\/api.w.org\/{rel}","templated":true}]}}