{"id":31098,"date":"2018-04-04T12:35:06","date_gmt":"2018-04-04T15:35:06","guid":{"rendered":"https:\/\/eldiariodesanpedro.com.ar\/sitio\/?p=31098"},"modified":"2018-04-04T12:35:06","modified_gmt":"2018-04-04T15:35:06","slug":"se-produjo-una-pelea-en-la-isla-y-un-hombre-debio-ser-trasladado-al-hospital","status":"publish","type":"post","link":"https:\/\/eldiariodesanpedro.com.ar\/sitio\/se-produjo-una-pelea-en-la-isla-y-un-hombre-debio-ser-trasladado-al-hospital\/","title":{"rendered":"Se produjo una pelea en la isla y un hombre debi\u00f3 ser trasladado al hospital"},"content":{"rendered":"<p><!-- VideographyWP Plugin Message: Automatic video embedding prevented by plugin options. --><br \/>\nEl Prefecto Sergio Peralta brind\u00f3 los detalles de lo sucedido en 105.7 Tu Radio. Adem\u00e1s el m\u00f3vil de Contacto Directo  pudo dialogar con Norberto, el hombre herido en la pelea.<\/p>\n<p> Peralta cont\u00f3 que la informaci\u00f3n que obtuvieron indica que en el  transcurso de la madrugada un grupo de personas tuvo una discusi\u00f3n que provoco una pelea entre conocidos. La situaci\u00f3n se produjo en un rancho ubicado en la isla en la zona de Atanor. Los involucrados son oriundos de Luj\u00e1n y la misma se habr\u00eda dado producto tambi\u00e9n del exceso de consumo de alcohol.<\/p>\n<p>\u201cFueron a los golpes de pu\u00f1o y uno se hiri\u00f3 el parpado\u201d explic\u00f3 el Prefecto quien indic\u00f3 que la herida tambi\u00e9n \u201cpudo haber sido un botellazo\u201d ya que al no haberse tomado declaraciones no hay especificaciones.<\/p>\n<p>Las mismas personas que se encontraban con el herido, lo cruzaron en bote a la zona de la ciudad y lo dejaron en la costanera. A partir de all\u00ed se llamo a la ambulancia y fue trasladado al hospital municipal.<\/p>\n<p>Peralta afirm\u00f3 que el herido no manifest\u00f3 querer hacer ninguna denuncia. Quien alrededor de las 7 se fue del hospital por sus propios medios. Aunque en el hecho intervino tambi\u00e9n la polic\u00eda.<\/p>\n<p>El m\u00f3vil de Contacto Directo pudo dialogar con Norberto quien afirm\u00f3 que recibi\u00f3 varios golpes de pu\u00f1o y botellazos. El herido adem\u00e1s en forma privada confirmo que cay\u00f3 al agua producto de los golpes.<\/p>\n","protected":false},"excerpt":{"rendered":"<p>El Prefecto Sergio Peralta brind\u00f3 los detalles de lo sucedido en 105.7 Tu Radio. Adem\u00e1s el m\u00f3vil de Contacto Directo pudo dialogar con Norberto, el hombre herido en la pelea. Peralta cont\u00f3 que la informaci\u00f3n que obtuvieron indica que en el transcurso de la madrugada un grupo de personas tuvo una discusi\u00f3n que provoco una [&hellip;]<\/p>\n","protected":false},"author":4,"featured_media":31099,"comment_status":"open","ping_status":"closed","sticky":false,"template":"","format":"standard","meta":{"om_disable_all_campaigns":false,"_jetpack_memberships_contains_paid_content":false,"footnotes":""},"categories":[621],"tags":[],"class_list":["post-31098","post","type-post","status-publish","format-standard","has-post-thumbnail","hentry","category-regionales"],"aioseo_notices":[],"gutentor_comment":0,"jetpack_featured_media_url":"https:\/\/eldiariodesanpedro.com.ar\/sitio\/wp-content\/uploads\/2018\/04\/rio-baradero-.jpg","jetpack_shortlink":"https:\/\/wp.me\/p6RhLt-85A","jetpack_sharing_enabled":true,"_links":{"self":[{"href":"https:\/\/eldiariodesanpedro.com.ar\/sitio\/wp-json\/wp\/v2\/posts\/31098","targetHints":{"allow":["GET"]}}],"collection":[{"href":"https:\/\/eldiariodesanpedro.com.ar\/sitio\/wp-json\/wp\/v2\/posts"}],"about":[{"href":"https:\/\/eldiariodesanpedro.com.ar\/sitio\/wp-json\/wp\/v2\/types\/post"}],"author":[{"embeddable":true,"href":"https:\/\/eldiariodesanpedro.com.ar\/sitio\/wp-json\/wp\/v2\/users\/4"}],"replies":[{"embeddable":true,"href":"https:\/\/eldiariodesanpedro.com.ar\/sitio\/wp-json\/wp\/v2\/comments?post=31098"}],"version-history":[{"count":1,"href":"https:\/\/eldiariodesanpedro.com.ar\/sitio\/wp-json\/wp\/v2\/posts\/31098\/revisions"}],"predecessor-version":[{"id":31100,"href":"https:\/\/eldiariodesanpedro.com.ar\/sitio\/wp-json\/wp\/v2\/posts\/31098\/revisions\/31100"}],"wp:featuredmedia":[{"embeddable":true,"href":"https:\/\/eldiariodesanpedro.com.ar\/sitio\/wp-json\/wp\/v2\/media\/31099"}],"wp:attachment":[{"href":"https:\/\/eldiariodesanpedro.com.ar\/sitio\/wp-json\/wp\/v2\/media?parent=31098"}],"wp:term":[{"taxonomy":"category","embeddable":true,"href":"https:\/\/eldiariodesanpedro.com.ar\/sitio\/wp-json\/wp\/v2\/categories?post=31098"},{"taxonomy":"post_tag","embeddable":true,"href":"https:\/\/eldiariodesanpedro.com.ar\/sitio\/wp-json\/wp\/v2\/tags?post=31098"}],"curies":[{"name":"wp","href":"https:\/\/api.w.org\/{rel}","templated":true}]}}