{"id":31095,"date":"2018-04-04T11:41:40","date_gmt":"2018-04-04T14:41:40","guid":{"rendered":"https:\/\/eldiariodesanpedro.com.ar\/sitio\/?p=31095"},"modified":"2018-04-04T11:41:40","modified_gmt":"2018-04-04T14:41:40","slug":"un-aprehendido-por-resistirse-a-la-autoridad-y-darse-a-la-fuga-de-un-accidente","status":"publish","type":"post","link":"https:\/\/eldiariodesanpedro.com.ar\/sitio\/un-aprehendido-por-resistirse-a-la-autoridad-y-darse-a-la-fuga-de-un-accidente\/","title":{"rendered":"Un aprehendido por resistirse a la autoridad y darse a la fuga de un accidente"},"content":{"rendered":"<p><!-- VideographyWP Plugin Message: Automatic video embedding prevented by plugin options. --><br \/>\nEste mi\u00e9rcoles en horas de la madrugada se produjo un accidente de tr\u00e1nsito entre dos autom\u00f3viles en calle Mitre al 600 donde un autom\u00f3vil Volkswagen Gol y otro Ford Fiesta.<\/p>\n<p>Tra el siniestro el propietario del autom\u00f3vil Gol le solicita la documentaci\u00f3n necesaria al otro conductor para poder presentar al seguro quien se niega y se resiste a aportar datos. Por lo que se solicita la presencia de un m\u00f3vil policial para obtener dichos datos.<\/p>\n<p>Al llegar los efectivos, esta persona se da a la fuga en su vehiculo en contramano por calle Olievra Cesar por lo que es perseguido por una patrulla hasta llegar a su domicilio ubicado en calle Pellegrini al 1200 donde fue aprehendido y trasladado a la dependencia policial.<\/p>\n","protected":false},"excerpt":{"rendered":"<p>Este mi\u00e9rcoles en horas de la madrugada se produjo un accidente de tr\u00e1nsito entre dos autom\u00f3viles en calle Mitre al 600 donde un autom\u00f3vil Volkswagen Gol y otro Ford Fiesta. Tra el siniestro el propietario del autom\u00f3vil Gol le solicita la documentaci\u00f3n necesaria al otro conductor para poder presentar al seguro quien se niega y [&hellip;]<\/p>\n","protected":false},"author":4,"featured_media":30195,"comment_status":"open","ping_status":"closed","sticky":false,"template":"","format":"standard","meta":{"om_disable_all_campaigns":false,"_jetpack_memberships_contains_paid_content":false,"footnotes":""},"categories":[2,103],"tags":[],"class_list":["post-31095","post","type-post","status-publish","format-standard","has-post-thumbnail","hentry","category-locales","category-policiales-locales"],"aioseo_notices":[],"gutentor_comment":0,"jetpack_featured_media_url":"https:\/\/eldiariodesanpedro.com.ar\/sitio\/wp-content\/uploads\/2018\/03\/Aprehendido-y-ofuscado.jpg","jetpack_shortlink":"https:\/\/wp.me\/p6RhLt-85x","jetpack_sharing_enabled":true,"_links":{"self":[{"href":"https:\/\/eldiariodesanpedro.com.ar\/sitio\/wp-json\/wp\/v2\/posts\/31095","targetHints":{"allow":["GET"]}}],"collection":[{"href":"https:\/\/eldiariodesanpedro.com.ar\/sitio\/wp-json\/wp\/v2\/posts"}],"about":[{"href":"https:\/\/eldiariodesanpedro.com.ar\/sitio\/wp-json\/wp\/v2\/types\/post"}],"author":[{"embeddable":true,"href":"https:\/\/eldiariodesanpedro.com.ar\/sitio\/wp-json\/wp\/v2\/users\/4"}],"replies":[{"embeddable":true,"href":"https:\/\/eldiariodesanpedro.com.ar\/sitio\/wp-json\/wp\/v2\/comments?post=31095"}],"version-history":[{"count":1,"href":"https:\/\/eldiariodesanpedro.com.ar\/sitio\/wp-json\/wp\/v2\/posts\/31095\/revisions"}],"predecessor-version":[{"id":31096,"href":"https:\/\/eldiariodesanpedro.com.ar\/sitio\/wp-json\/wp\/v2\/posts\/31095\/revisions\/31096"}],"wp:featuredmedia":[{"embeddable":true,"href":"https:\/\/eldiariodesanpedro.com.ar\/sitio\/wp-json\/wp\/v2\/media\/30195"}],"wp:attachment":[{"href":"https:\/\/eldiariodesanpedro.com.ar\/sitio\/wp-json\/wp\/v2\/media?parent=31095"}],"wp:term":[{"taxonomy":"category","embeddable":true,"href":"https:\/\/eldiariodesanpedro.com.ar\/sitio\/wp-json\/wp\/v2\/categories?post=31095"},{"taxonomy":"post_tag","embeddable":true,"href":"https:\/\/eldiariodesanpedro.com.ar\/sitio\/wp-json\/wp\/v2\/tags?post=31095"}],"curies":[{"name":"wp","href":"https:\/\/api.w.org\/{rel}","templated":true}]}}