{"id":31093,"date":"2018-04-04T11:12:07","date_gmt":"2018-04-04T14:12:07","guid":{"rendered":"https:\/\/eldiariodesanpedro.com.ar\/sitio\/?p=31093"},"modified":"2018-04-04T11:12:07","modified_gmt":"2018-04-04T14:12:07","slug":"se-detuvo-a-un-delincuente-profugo-que-trato-de-matar-a-su-hermano","status":"publish","type":"post","link":"https:\/\/eldiariodesanpedro.com.ar\/sitio\/se-detuvo-a-un-delincuente-profugo-que-trato-de-matar-a-su-hermano\/","title":{"rendered":"Se detuvo a un delincuente pr\u00f3fugo que trato de matar a su hermano"},"content":{"rendered":"<p><!-- VideographyWP Plugin Message: Automatic video embedding prevented by plugin options. --><br \/>\nEste martes el personal policial de nuestra ciudad realiz\u00f3 un allanamiento por un hecho ocurrido en noviembre del 2017 donde hubo una pelea entre hermanos que termin\u00f3 con uno de ellos herido de gravedad.<\/p>\n<p>El conflicto tuvo lugar el 17 de noviembre de 2017 en un domicilio ubicado en las calles 21 Bis y Quiroga del Barrio 2 de Abril donde se produjo un conflicto familiar donde un hombre fue herido por m\u00faltiples heridas de disparos de armas de fuego y el agresor su hermano se dio a la fuga al momento de la llegada de los m\u00f3viles policiales. Por lo que se lo traslad\u00f3 al nosocomio local donde fue intervenido quir\u00fargicamente y permanece en Terapia con riesgo de vida.<\/p>\n<p>Por este hecho de tentativa de homicidio se realiz\u00f3 un allanamiento en un domicilio ubicado en calle Manuel iglesias al 400 donde se pudo dar con el pr\u00f3fugo de 34 a\u00f1os de edad.<\/p>\n","protected":false},"excerpt":{"rendered":"<p>Este martes el personal policial de nuestra ciudad realiz\u00f3 un allanamiento por un hecho ocurrido en noviembre del 2017 donde hubo una pelea entre hermanos que termin\u00f3 con uno de ellos herido de gravedad. El conflicto tuvo lugar el 17 de noviembre de 2017 en un domicilio ubicado en las calles 21 Bis y Quiroga [&hellip;]<\/p>\n","protected":false},"author":4,"featured_media":20446,"comment_status":"open","ping_status":"closed","sticky":false,"template":"","format":"standard","meta":{"om_disable_all_campaigns":false,"_jetpack_memberships_contains_paid_content":false,"footnotes":""},"categories":[2,103],"tags":[],"class_list":["post-31093","post","type-post","status-publish","format-standard","has-post-thumbnail","hentry","category-locales","category-policiales-locales"],"aioseo_notices":[],"gutentor_comment":0,"jetpack_featured_media_url":"https:\/\/eldiariodesanpedro.com.ar\/sitio\/wp-content\/uploads\/2017\/07\/detenido-3-1.jpg","jetpack_shortlink":"https:\/\/wp.me\/p6RhLt-85v","jetpack_sharing_enabled":true,"_links":{"self":[{"href":"https:\/\/eldiariodesanpedro.com.ar\/sitio\/wp-json\/wp\/v2\/posts\/31093","targetHints":{"allow":["GET"]}}],"collection":[{"href":"https:\/\/eldiariodesanpedro.com.ar\/sitio\/wp-json\/wp\/v2\/posts"}],"about":[{"href":"https:\/\/eldiariodesanpedro.com.ar\/sitio\/wp-json\/wp\/v2\/types\/post"}],"author":[{"embeddable":true,"href":"https:\/\/eldiariodesanpedro.com.ar\/sitio\/wp-json\/wp\/v2\/users\/4"}],"replies":[{"embeddable":true,"href":"https:\/\/eldiariodesanpedro.com.ar\/sitio\/wp-json\/wp\/v2\/comments?post=31093"}],"version-history":[{"count":1,"href":"https:\/\/eldiariodesanpedro.com.ar\/sitio\/wp-json\/wp\/v2\/posts\/31093\/revisions"}],"predecessor-version":[{"id":31094,"href":"https:\/\/eldiariodesanpedro.com.ar\/sitio\/wp-json\/wp\/v2\/posts\/31093\/revisions\/31094"}],"wp:featuredmedia":[{"embeddable":true,"href":"https:\/\/eldiariodesanpedro.com.ar\/sitio\/wp-json\/wp\/v2\/media\/20446"}],"wp:attachment":[{"href":"https:\/\/eldiariodesanpedro.com.ar\/sitio\/wp-json\/wp\/v2\/media?parent=31093"}],"wp:term":[{"taxonomy":"category","embeddable":true,"href":"https:\/\/eldiariodesanpedro.com.ar\/sitio\/wp-json\/wp\/v2\/categories?post=31093"},{"taxonomy":"post_tag","embeddable":true,"href":"https:\/\/eldiariodesanpedro.com.ar\/sitio\/wp-json\/wp\/v2\/tags?post=31093"}],"curies":[{"name":"wp","href":"https:\/\/api.w.org\/{rel}","templated":true}]}}