{"id":31083,"date":"2018-04-03T20:49:58","date_gmt":"2018-04-03T23:49:58","guid":{"rendered":"https:\/\/eldiariodesanpedro.com.ar\/sitio\/?p=31083"},"modified":"2018-04-03T20:49:58","modified_gmt":"2018-04-03T23:49:58","slug":"apertura-de-sesiones-ordinarias-del-hcd","status":"publish","type":"post","link":"https:\/\/eldiariodesanpedro.com.ar\/sitio\/apertura-de-sesiones-ordinarias-del-hcd\/","title":{"rendered":"Apertura de Sesiones Ordinarias del HCD"},"content":{"rendered":"<p><!-- VideographyWP Plugin Message: Automatic video embedding prevented by plugin options. --><br \/>\nEn el Sal\u00f3n Dorado de la Municipalidad de San Pedro el Intendente Cecilio Salazar brind\u00f3 el mensaje anual correspondiente a la apertura del per\u00edodo de sesiones ordinarias del Honorable Concejo Deliberante.<\/p>\n<p>  \u00abEstoy convencido que, para mejorar la vida de la gente, tenemos que mirar siempre hacia adelante, siempre al futuro. Sin embargo, el pasado reciente nos acecha permanentemente, poniendo un peso extra a nuestro andar de todos los d\u00edas, haciendo que cada uno de los pasos que este Municipio se dispone a dar, se vuelva m\u00e1s complicado.<br \/>\n  Afortunadamente, durante estos 27 meses de gesti\u00f3n hemos logrado dejar atr\u00e1s muchos de los conflictos que padecimos los sampedrinos en los \u00faltimos a\u00f1os&#8230;\u00bb enfatiz\u00f3 el Sr. Intendente.<\/p>\n<p>  Continuando \u201cNos proponemos, se\u00f1ores Concejales, con el indispensable apoyo del gobierno provincial y nacional, encarar todas las reformas necesarias para seguir encauzando esta crisis estructural QUE NO HEMOS GENERADO NOSOTROS, pero de la que nos estamos HACIENDO CARGO con total convicci\u00f3n, para recuperar la sustentabilidad econ\u00f3mica que nunca debimos haber perdido\u201d.<\/p>\n<p>  \u201cEn este punto, se\u00f1ores Concejales, quisiera detenerme para hacer menci\u00f3n a un tema que no hace al balance de gesti\u00f3n del a\u00f1o anterior, pero que si tiene mucho que ver con la posibilidad de pensar un futuro sustentable para este Municipio:<\/p>\n<p>La semana pasada, hemos logrado un acuerdo salarial con los trabajadores municipales que representa UN GRAN ESFUERZO para la econom\u00eda municipal, pero que al mismo tiempo nos brinda la tranquilidad de haberse ubicado dentro de par\u00e1metros RAZONABLES y PAGABLES, gracias tambi\u00e9n al esfuerzo de los trabajadores que supieron comprender y entender la situaci\u00f3n econ\u00f3mica que vive esta Municipalidad, evitando as\u00ed conflictos y medidas de fuerza que nos hubieran perjudicado a todos los sampedrinos\u00bb.  <\/p>\n<p>  Realiz\u00f3 como es de pr\u00e1ctica en este tipo de asambleas, un repaso de las novedades de cada una de las \u00e1reas y enumer\u00f3 algunos de los proyectos m\u00e1s importantes para los pr\u00f3ximos meses. <\/p>\n<p>  \u00abDebemos recordar, que al inicio de la gesti\u00f3n el sistema de Salud P\u00fablica en San Pedro estaba arrasado, el Hospital Subzonal Emilio Ruffa se encontraba en paro permanente, sin insumos y sin capacidad siquiera de realizar derivaciones.<\/p>\n<p>  Lo mismo se repet\u00eda en los Hospitales de las Localidades y los Centros de Salud. <\/p>\n<p>  Los logros alcanzados por el Hospital no han sido s\u00f3lo son edilicios. Contamos con servicios \u00fanicos, una guardia de pediatr\u00eda que funciona como un \u00fanico efector de Urgencias y Emergencias pedi\u00e1tricas, la incorporaci\u00f3n de guardias activas en cirug\u00eda y aparatolog\u00eda de \u00faltima generaci\u00f3n con la que este a\u00f1o pasado empezamos a contar. <\/p>\n<p>  Es muy importante resaltar la incorporaci\u00f3n al sistema SAME Provincia, con la adquisici\u00f3n de una ambulancia de Alta Complejidad dotada de equipamiento tecnol\u00f3gico de avanzada, como nunca existi\u00f3 en nuestro Hospital. Una verdadera Unidad de Terapia Intensiva M\u00f3vil, con respirador, bomba de infusi\u00f3n y cardiodesfibrilador. <\/p>\n<p>  Tambi\u00e9n, la adquisici\u00f3n de 2 nuevas unidades de traslado equipadas, una de las cuales fue entregada a la localidad de R\u00edo Tala.<\/p>\n<p>  La dotaci\u00f3n del quir\u00f3fano con nueva Mesa Quir\u00fargica, Nuevo Sill\u00f3n de Partos, Torre de video laparoscopia donada recientemente por la empresa Toyota, Incorporaci\u00f3n de monitores y bombas de infusi\u00f3n. La ampliaci\u00f3n del vacunatorio, la incorporaci\u00f3n de WIFI libre para los pacientes y sus acompa\u00f1antes y, la posibilidad de sacar turnos online y visualizar resultados de an\u00e1lisis o rayos desde el celular.<\/p>\n<p>  Se ejecutaron obras de mejoras en los hospitales de las localidades y en los Centros de Salud para, lentamente, ir recuperando todo lo perdido. <\/p>\n<p>  En La Tosquera se inaugur\u00f3 recientemente un nuevo edificio para el centro de salud y se reemplaz\u00f3 el tanque de agua potable de 5000 litros por uno de 12.000. Tambi\u00e9n se extendi\u00f3 la ca\u00f1er\u00eda de agua 700 metros y se realizaron 50 conexiones domiciliarias.<\/p>\n<p>  Trabajamos arduamente durante todo el 2017 y seguiremos trabajando comprometidos en urbanizar los barrios y en llevarle a cada casa, cada familia, los servicios b\u00e1sicos que todo ciudadano se merece tener, para que un d\u00eda de lluvia no sea un impedimento para que nuestros chicos vayan a la escuela y para que sus padres puedan ir a trabajar.  <\/p>\n<p>  Con gran satisfacci\u00f3n, por todo lo que significa para las familias, pero sabiendo que todav\u00eda queda mucho por hacer, decimos que durante el 2017 pusimos en marcha el plan de pavimentaci\u00f3n MAS IMPORTANTE DE LOS ULTIMOS A\u00d1OS.<br \/>\n  Para tener conciencia de lo que hemos logrado: El casco urbano de la ciudad de San Pedro, est\u00e1 comprendido por unas 1200 cuadras aproximadamente. <\/p>\n<p>  S\u00f3lo durante el 2017 hemos ejecutado la pavimentaci\u00f3n de m\u00e1s 300 y vamos a llegar en las pr\u00f3ximas semanas a 400. Un 30% de la ciudad. ALGO IN\u00c9DITO EN NUESTRA HISTORIA.<\/p>\n<p>  Pero como sabemos que todav\u00eda falta, hemos realizado gestiones, presentado proyectos y esperamos prontos resultados para m\u00e1s de 200 cuadras m\u00e1s que llevar\u00e1n obras a Villa Igoillo, Los Aromitos, La Esperanza, Paran\u00e1, Barrio Estrada y las localidades.  <\/p>\n<p>  Quiero decirles se\u00f1ores Concejales, que me llena de satisfacci\u00f3n saber que la mayor parte de este plan de pavimentaci\u00f3n se ejecut\u00f3 en los barrios m\u00e1s humildes. Ah\u00ed donde hay m\u00e1s necesidades y ah\u00ed donde m\u00e1s falta hace que transformemos juntos la realidad para mejorar la calidad de vida de nuestra gente, como permanentemente nos indica nuestra gobernadora Mar\u00eda Eugenia Vidal. <\/p>\n<p>  Trabajar por los m\u00e1s humildes ha sido para m\u00ed, no un compromiso de gobierno, sino un compromiso DE VIDA que me ha marcado a lo largo de mis 35 a\u00f1os de servicio. Y por eso me emociona saber que hemos podido llegar con esta obra a tantos barrios de nuestro querido San Pedro.  <\/p>\n<p>  Y del mismo modo, hemos promovido obras en muchos otros barrios y en otros sectores de nuestro partido. Porque estoy convencido de que el gobierno municipal tiene que ser un agente de desarrollo y ayudar en la integraci\u00f3n de todos los sampedrinos. <\/p>\n<p>  Es muy importante remarcar entre todos los trabajos realizados, las obras de desag\u00fces pluviales y las redes de agua potable. <\/p>\n<p>  Estas son obras que pueden pasar inadvertidas, pero que realmente transforman la vida de las familias y les mejoran la calidad de vida\u00bb. <\/p>\n<p>  Para finalizar, realiz\u00f3 un llamado al trabajo conjunto, al respeto pol\u00edtico a\u00fan en las disidencias y a continuar bregando por un presente y un futuro mejor para todos los sampedrinos.<\/p>\n<p>  \u201cNo puedo dejar de agradecerles y recordar que todo lo logrado es gracias a los TRABAJADORES de la Municipalidad, quienes junto a todo el equipo gobierno ejecutan y hacen que esta m\u00e1quina no pare, NO PARE.<\/p>\n<p>  Por \u00faltimo, quiero invitar a todo el arco pol\u00edtico, oficialistas y opositores, a construir juntos las voces de todos, las ideas y proyectos. TRABAJAR JUNTOS le hace bien a San Pedro. <\/p>\n<p>  Recientemente he sido v\u00edctima de distintos ataques y agravios hacia mi persona, que forman parte de un clima de \u00e9poca y de un modo de hacer pol\u00edtica que tenemos que superar en la Argentina.<\/p>\n<p>  Yo mismo me he encontrado en alguna oportunidad, formulando alguna expresi\u00f3n que pudo no haber contribuido a generar un clima de paz y de concordia. <\/p>\n<p>  Momentos antes de que el Intendente hablara ante los concejales, estos realizaron una votaci\u00f3n un\u00e1nime para que el HCD sesionar\u00e1 segundos y cuartos jueves de cada mes de las 10 de la ma\u00f1ana.<\/p>\n","protected":false},"excerpt":{"rendered":"<p>En el Sal\u00f3n Dorado de la Municipalidad de San Pedro el Intendente Cecilio Salazar brind\u00f3 el mensaje anual correspondiente a la apertura del per\u00edodo de sesiones ordinarias del Honorable Concejo Deliberante. \u00abEstoy convencido que, para mejorar la vida de la gente, tenemos que mirar siempre hacia adelante, siempre al futuro. Sin embargo, el pasado reciente [&hellip;]<\/p>\n","protected":false},"author":4,"featured_media":31086,"comment_status":"open","ping_status":"closed","sticky":false,"template":"","format":"standard","meta":{"om_disable_all_campaigns":false,"_jetpack_memberships_contains_paid_content":false,"footnotes":""},"categories":[2,102],"tags":[],"class_list":["post-31083","post","type-post","status-publish","format-standard","has-post-thumbnail","hentry","category-locales","category-politica-locales"],"aioseo_notices":[],"gutentor_comment":0,"jetpack_featured_media_url":"https:\/\/eldiariodesanpedro.com.ar\/sitio\/wp-content\/uploads\/2018\/04\/Apertura-de-Sesiones-Ordinarias-del-HCD.jpg","jetpack_shortlink":"https:\/\/wp.me\/p6RhLt-85l","jetpack_sharing_enabled":true,"_links":{"self":[{"href":"https:\/\/eldiariodesanpedro.com.ar\/sitio\/wp-json\/wp\/v2\/posts\/31083","targetHints":{"allow":["GET"]}}],"collection":[{"href":"https:\/\/eldiariodesanpedro.com.ar\/sitio\/wp-json\/wp\/v2\/posts"}],"about":[{"href":"https:\/\/eldiariodesanpedro.com.ar\/sitio\/wp-json\/wp\/v2\/types\/post"}],"author":[{"embeddable":true,"href":"https:\/\/eldiariodesanpedro.com.ar\/sitio\/wp-json\/wp\/v2\/users\/4"}],"replies":[{"embeddable":true,"href":"https:\/\/eldiariodesanpedro.com.ar\/sitio\/wp-json\/wp\/v2\/comments?post=31083"}],"version-history":[{"count":1,"href":"https:\/\/eldiariodesanpedro.com.ar\/sitio\/wp-json\/wp\/v2\/posts\/31083\/revisions"}],"predecessor-version":[{"id":31085,"href":"https:\/\/eldiariodesanpedro.com.ar\/sitio\/wp-json\/wp\/v2\/posts\/31083\/revisions\/31085"}],"wp:featuredmedia":[{"embeddable":true,"href":"https:\/\/eldiariodesanpedro.com.ar\/sitio\/wp-json\/wp\/v2\/media\/31086"}],"wp:attachment":[{"href":"https:\/\/eldiariodesanpedro.com.ar\/sitio\/wp-json\/wp\/v2\/media?parent=31083"}],"wp:term":[{"taxonomy":"category","embeddable":true,"href":"https:\/\/eldiariodesanpedro.com.ar\/sitio\/wp-json\/wp\/v2\/categories?post=31083"},{"taxonomy":"post_tag","embeddable":true,"href":"https:\/\/eldiariodesanpedro.com.ar\/sitio\/wp-json\/wp\/v2\/tags?post=31083"}],"curies":[{"name":"wp","href":"https:\/\/api.w.org\/{rel}","templated":true}]}}