{"id":31082,"date":"2018-04-03T21:04:47","date_gmt":"2018-04-04T00:04:47","guid":{"rendered":"https:\/\/eldiariodesanpedro.com.ar\/sitio\/?p=31082"},"modified":"2018-04-03T21:04:47","modified_gmt":"2018-04-04T00:04:47","slug":"un-nuevo-robo-por-motochorros-a-una-ciudadana-que-circulaba-en-bicicleta","status":"publish","type":"post","link":"https:\/\/eldiariodesanpedro.com.ar\/sitio\/un-nuevo-robo-por-motochorros-a-una-ciudadana-que-circulaba-en-bicicleta\/","title":{"rendered":"Un nuevo robo por motochorros a una ciudadana que circulaba en bicicleta"},"content":{"rendered":"<p><!-- VideographyWP Plugin Message: Automatic video embedding prevented by plugin options. --><br \/>\nEste martes por la tarde alrededor de las 18:30 hs en la esquina de 25 de Mayo y San Lorenzo fue asaltada una mujer de 30 a\u00f1os de edad por dos motochorros que circulaban en una motocicleta 110 cc.<\/p>\n<p>La ciudadana venia circulando por calle 25 de Mayo cuando desde atr\u00e1s se le acerca una motocicleta en la que circulaban dos delincuentes que al notar que en la mano llevaba el tel\u00e9fono tratan de manotearcelo en lo que esta mujer forcejea con ellos y la voltean de la bicicleta. <\/p>\n<p>Al momento de caer al piso, tambi\u00e9n lo hace el tel\u00e9fono m\u00f3vil que al tratar de ser recuperado por su propietaria uno de los delincuentes reacciona se baja de la moto con un arma de fuego con el que le apunta y se lo logra sustraer.<\/p>\n<p>Los delincuentes se dieron a la fuga, aunque por una c\u00e1mara de seguridad que se encuentra en cercan\u00edas se pudo detectar quienes serian los malvivientes.<\/p>\n","protected":false},"excerpt":{"rendered":"<p>Este martes por la tarde alrededor de las 18:30 hs en la esquina de 25 de Mayo y San Lorenzo fue asaltada una mujer de 30 a\u00f1os de edad por dos motochorros que circulaban en una motocicleta 110 cc. La ciudadana venia circulando por calle 25 de Mayo cuando desde atr\u00e1s se le acerca una [&hellip;]<\/p>\n","protected":false},"author":4,"featured_media":31088,"comment_status":"open","ping_status":"closed","sticky":false,"template":"","format":"standard","meta":{"om_disable_all_campaigns":false,"_jetpack_memberships_contains_paid_content":false,"footnotes":""},"categories":[2,103],"tags":[],"class_list":["post-31082","post","type-post","status-publish","format-standard","has-post-thumbnail","hentry","category-locales","category-policiales-locales"],"aioseo_notices":[],"gutentor_comment":0,"jetpack_featured_media_url":"https:\/\/eldiariodesanpedro.com.ar\/sitio\/wp-content\/uploads\/2018\/04\/nota.png","jetpack_shortlink":"https:\/\/wp.me\/p6RhLt-85k","jetpack_sharing_enabled":true,"_links":{"self":[{"href":"https:\/\/eldiariodesanpedro.com.ar\/sitio\/wp-json\/wp\/v2\/posts\/31082","targetHints":{"allow":["GET"]}}],"collection":[{"href":"https:\/\/eldiariodesanpedro.com.ar\/sitio\/wp-json\/wp\/v2\/posts"}],"about":[{"href":"https:\/\/eldiariodesanpedro.com.ar\/sitio\/wp-json\/wp\/v2\/types\/post"}],"author":[{"embeddable":true,"href":"https:\/\/eldiariodesanpedro.com.ar\/sitio\/wp-json\/wp\/v2\/users\/4"}],"replies":[{"embeddable":true,"href":"https:\/\/eldiariodesanpedro.com.ar\/sitio\/wp-json\/wp\/v2\/comments?post=31082"}],"version-history":[{"count":1,"href":"https:\/\/eldiariodesanpedro.com.ar\/sitio\/wp-json\/wp\/v2\/posts\/31082\/revisions"}],"predecessor-version":[{"id":31089,"href":"https:\/\/eldiariodesanpedro.com.ar\/sitio\/wp-json\/wp\/v2\/posts\/31082\/revisions\/31089"}],"wp:featuredmedia":[{"embeddable":true,"href":"https:\/\/eldiariodesanpedro.com.ar\/sitio\/wp-json\/wp\/v2\/media\/31088"}],"wp:attachment":[{"href":"https:\/\/eldiariodesanpedro.com.ar\/sitio\/wp-json\/wp\/v2\/media?parent=31082"}],"wp:term":[{"taxonomy":"category","embeddable":true,"href":"https:\/\/eldiariodesanpedro.com.ar\/sitio\/wp-json\/wp\/v2\/categories?post=31082"},{"taxonomy":"post_tag","embeddable":true,"href":"https:\/\/eldiariodesanpedro.com.ar\/sitio\/wp-json\/wp\/v2\/tags?post=31082"}],"curies":[{"name":"wp","href":"https:\/\/api.w.org\/{rel}","templated":true}]}}