{"id":31079,"date":"2018-04-03T20:38:50","date_gmt":"2018-04-03T23:38:50","guid":{"rendered":"https:\/\/eldiariodesanpedro.com.ar\/sitio\/?p=31079"},"modified":"2018-04-03T20:38:50","modified_gmt":"2018-04-03T23:38:50","slug":"bomberos-intervino-en-el-incendio-de-un-campo","status":"publish","type":"post","link":"https:\/\/eldiariodesanpedro.com.ar\/sitio\/bomberos-intervino-en-el-incendio-de-un-campo\/","title":{"rendered":"Bomberos intervino en el incendio de un campo"},"content":{"rendered":"<p><!-- VideographyWP Plugin Message: Automatic video embedding prevented by plugin options. --><br \/>\nSucedi\u00f3 en la tarde del domingo. Una dotaci\u00f3n del cuerpo de Bomberos Voluntarios trabaj\u00f3 durante varios minutos para extinguir las llamas. <\/p>\n<p>  Sobre la tarde del domingo, alrededor de las 16 hs, se produjo un incendio forestal en un campo ubicado en cercan\u00edas de la Ruta 1001 y Gomendio. Se ignora qu\u00e9 fue lo que origin\u00f3 el fuego, pero una dotaci\u00f3n del cuerpo de Bomberos Voluntarios intervino ante la intensidad del mismo.<\/p>\n<p>  Los servidores comunitarios trabajaron durante varios minutos en el predio, ya que las dimensiones del lugar y el viento que cruzaba hicieron que el fuego se avivara constantemente. As\u00ed hasta que las llamas fueron extinguidas por completo. <\/p>\n","protected":false},"excerpt":{"rendered":"<p>Sucedi\u00f3 en la tarde del domingo. Una dotaci\u00f3n del cuerpo de Bomberos Voluntarios trabaj\u00f3 durante varios minutos para extinguir las llamas. Sobre la tarde del domingo, alrededor de las 16 hs, se produjo un incendio forestal en un campo ubicado en cercan\u00edas de la Ruta 1001 y Gomendio. Se ignora qu\u00e9 fue lo que origin\u00f3 [&hellip;]<\/p>\n","protected":false},"author":4,"featured_media":31080,"comment_status":"open","ping_status":"closed","sticky":false,"template":"","format":"standard","meta":{"om_disable_all_campaigns":false,"_jetpack_memberships_contains_paid_content":false,"footnotes":""},"categories":[2,103],"tags":[],"class_list":["post-31079","post","type-post","status-publish","format-standard","has-post-thumbnail","hentry","category-locales","category-policiales-locales"],"aioseo_notices":[],"gutentor_comment":0,"jetpack_featured_media_url":"https:\/\/eldiariodesanpedro.com.ar\/sitio\/wp-content\/uploads\/2018\/04\/Bomberos-Voluntarios-extinguieron-el-fuego.jpeg","jetpack_shortlink":"https:\/\/wp.me\/p6RhLt-85h","jetpack_sharing_enabled":true,"_links":{"self":[{"href":"https:\/\/eldiariodesanpedro.com.ar\/sitio\/wp-json\/wp\/v2\/posts\/31079","targetHints":{"allow":["GET"]}}],"collection":[{"href":"https:\/\/eldiariodesanpedro.com.ar\/sitio\/wp-json\/wp\/v2\/posts"}],"about":[{"href":"https:\/\/eldiariodesanpedro.com.ar\/sitio\/wp-json\/wp\/v2\/types\/post"}],"author":[{"embeddable":true,"href":"https:\/\/eldiariodesanpedro.com.ar\/sitio\/wp-json\/wp\/v2\/users\/4"}],"replies":[{"embeddable":true,"href":"https:\/\/eldiariodesanpedro.com.ar\/sitio\/wp-json\/wp\/v2\/comments?post=31079"}],"version-history":[{"count":1,"href":"https:\/\/eldiariodesanpedro.com.ar\/sitio\/wp-json\/wp\/v2\/posts\/31079\/revisions"}],"predecessor-version":[{"id":31081,"href":"https:\/\/eldiariodesanpedro.com.ar\/sitio\/wp-json\/wp\/v2\/posts\/31079\/revisions\/31081"}],"wp:featuredmedia":[{"embeddable":true,"href":"https:\/\/eldiariodesanpedro.com.ar\/sitio\/wp-json\/wp\/v2\/media\/31080"}],"wp:attachment":[{"href":"https:\/\/eldiariodesanpedro.com.ar\/sitio\/wp-json\/wp\/v2\/media?parent=31079"}],"wp:term":[{"taxonomy":"category","embeddable":true,"href":"https:\/\/eldiariodesanpedro.com.ar\/sitio\/wp-json\/wp\/v2\/categories?post=31079"},{"taxonomy":"post_tag","embeddable":true,"href":"https:\/\/eldiariodesanpedro.com.ar\/sitio\/wp-json\/wp\/v2\/tags?post=31079"}],"curies":[{"name":"wp","href":"https:\/\/api.w.org\/{rel}","templated":true}]}}