{"id":31075,"date":"2018-04-03T20:01:54","date_gmt":"2018-04-03T23:01:54","guid":{"rendered":"https:\/\/eldiariodesanpedro.com.ar\/sitio\/?p=31075"},"modified":"2018-04-03T20:01:54","modified_gmt":"2018-04-03T23:01:54","slug":"anses-informa-asignaciones-familiares-para-monotributistas","status":"publish","type":"post","link":"https:\/\/eldiariodesanpedro.com.ar\/sitio\/anses-informa-asignaciones-familiares-para-monotributistas\/","title":{"rendered":"ANSES INFORMA: Asignaciones Familiares para monotributistas"},"content":{"rendered":"<p><!-- VideographyWP Plugin Message: Automatic video embedding prevented by plugin options. --><br \/>\n  ANSES recuerda que trabajadores monotributistas acceden al cobro de las Asignaciones Familiares por Hijo, Hijo con Discapacidad, Prenatal y Ayuda Escolar Anual. Se trata de quienes est\u00e1n inscriptos en el R\u00e9gimen Simplificado para Peque\u00f1os Contribuyentes de las categor\u00edas que van desde la \u201cA\u201d a la \u201cK\u201d, que tienen efectivamente realizados sus aportes a la Seguridad Social y no presentan ninguna incompatibilidad.<\/p>\n<p>  El monto y tipo de asignaci\u00f3n a cobrar depende de la categor\u00eda a la que cada titular aporta y se puede consultar en www.anses.gob.ar.<\/p>\n<p>  Aquellos que re\u00fanen las condiciones, pero a\u00fan no est\u00e1n cobrando deben controlar que sus datos personales y los de su grupo familiar est\u00e9n acreditados correctamente en el sitio web de la ANSES. Si no lo est\u00e1n, tendr\u00e1n que dirigirse a una oficina de la ANSES, sin turno previo, con la siguiente documentaci\u00f3n: original y fotocopia de los DNI de ambos padres y los de sus hijos, partida de nacimiento original de los hijos y fotocopia.<\/p>\n<p><strong>Grupos de pago para ma\u00f1ana<\/strong><br \/>\n-Titulares de Prestaciones No Contributivas cuyos documentos terminan en 2 y 3.<br \/>\n-Titulares de la Prestaci\u00f3n por Desempleo \u2013PLAN 2 y 3\u2013 con todas las terminaciones de documento.<\/p>\n","protected":false},"excerpt":{"rendered":"<p>ANSES recuerda que trabajadores monotributistas acceden al cobro de las Asignaciones Familiares por Hijo, Hijo con Discapacidad, Prenatal y Ayuda Escolar Anual. Se trata de quienes est\u00e1n inscriptos en el R\u00e9gimen Simplificado para Peque\u00f1os Contribuyentes de las categor\u00edas que van desde la \u201cA\u201d a la \u201cK\u201d, que tienen efectivamente realizados sus aportes a la Seguridad [&hellip;]<\/p>\n","protected":false},"author":4,"featured_media":3392,"comment_status":"open","ping_status":"closed","sticky":false,"template":"","format":"standard","meta":{"om_disable_all_campaigns":false,"_jetpack_memberships_contains_paid_content":false,"footnotes":""},"categories":[101,2],"tags":[],"class_list":["post-31075","post","type-post","status-publish","format-standard","has-post-thumbnail","hentry","category-interes-general-locales","category-locales"],"aioseo_notices":[],"gutentor_comment":0,"jetpack_featured_media_url":"https:\/\/eldiariodesanpedro.com.ar\/sitio\/wp-content\/uploads\/2016\/04\/MAT7-ANSES2.jpg","jetpack_shortlink":"https:\/\/wp.me\/p6RhLt-85d","jetpack_sharing_enabled":true,"_links":{"self":[{"href":"https:\/\/eldiariodesanpedro.com.ar\/sitio\/wp-json\/wp\/v2\/posts\/31075","targetHints":{"allow":["GET"]}}],"collection":[{"href":"https:\/\/eldiariodesanpedro.com.ar\/sitio\/wp-json\/wp\/v2\/posts"}],"about":[{"href":"https:\/\/eldiariodesanpedro.com.ar\/sitio\/wp-json\/wp\/v2\/types\/post"}],"author":[{"embeddable":true,"href":"https:\/\/eldiariodesanpedro.com.ar\/sitio\/wp-json\/wp\/v2\/users\/4"}],"replies":[{"embeddable":true,"href":"https:\/\/eldiariodesanpedro.com.ar\/sitio\/wp-json\/wp\/v2\/comments?post=31075"}],"version-history":[{"count":1,"href":"https:\/\/eldiariodesanpedro.com.ar\/sitio\/wp-json\/wp\/v2\/posts\/31075\/revisions"}],"predecessor-version":[{"id":31078,"href":"https:\/\/eldiariodesanpedro.com.ar\/sitio\/wp-json\/wp\/v2\/posts\/31075\/revisions\/31078"}],"wp:featuredmedia":[{"embeddable":true,"href":"https:\/\/eldiariodesanpedro.com.ar\/sitio\/wp-json\/wp\/v2\/media\/3392"}],"wp:attachment":[{"href":"https:\/\/eldiariodesanpedro.com.ar\/sitio\/wp-json\/wp\/v2\/media?parent=31075"}],"wp:term":[{"taxonomy":"category","embeddable":true,"href":"https:\/\/eldiariodesanpedro.com.ar\/sitio\/wp-json\/wp\/v2\/categories?post=31075"},{"taxonomy":"post_tag","embeddable":true,"href":"https:\/\/eldiariodesanpedro.com.ar\/sitio\/wp-json\/wp\/v2\/tags?post=31075"}],"curies":[{"name":"wp","href":"https:\/\/api.w.org\/{rel}","templated":true}]}}