{"id":31073,"date":"2018-04-03T20:00:10","date_gmt":"2018-04-03T23:00:10","guid":{"rendered":"https:\/\/eldiariodesanpedro.com.ar\/sitio\/?p=31073"},"modified":"2018-04-03T20:00:10","modified_gmt":"2018-04-03T23:00:10","slug":"la-provincia-informa-semana-santa-a-pura-ciencia-e-innovacion-en-adolfo-alsina","status":"publish","type":"post","link":"https:\/\/eldiariodesanpedro.com.ar\/sitio\/la-provincia-informa-semana-santa-a-pura-ciencia-e-innovacion-en-adolfo-alsina\/","title":{"rendered":"LA PROVINCIA INFORMA: Semana Santa a pura ciencia e innovaci\u00f3n en Adolfo Alsina"},"content":{"rendered":"<p><!-- VideographyWP Plugin Message: Automatic video embedding prevented by plugin options. --><br \/>\nEl Ministerio de Ciencia, Tecnolog\u00eda e Innovaci\u00f3n (MCTI) relanz\u00f3 este fin de semana Estaci\u00f3n Ciencia, la feria itinerante del conocimiento que recorre el territorio provincial acercando a chicos y grandes propuestas interactivas para aprender jugando. La muestra, que fue un \u00e9xito a lo largo del \u00faltimo a\u00f1o y ya visitaron m\u00e1s de 285 mil personas, se llev\u00f3 a cabo en la localidad de Carhu\u00e9, donde m\u00e1s de 4 mil bonaerenses disfrutaron de m\u00faltiples actividades libres y gratuitas.<\/p>\n<p>  La feria, realizada entre el \u00faltimo mi\u00e9rcoles y el s\u00e1bado en la Casa de la Cultura, cont\u00f3 con la visita del vicegobernador bonaerense, Daniel Salvador; el titular de la cartera provincial de Ciencia, Jorge Elustondo; el intendente de Adolfo Alsina, David Hirtz; los legisladores provinciales Horacio L\u00f3pez, Anah\u00ed Bilbao y Emiliano Balb\u00edn y los jefes comunales de Coronel Dorrego, General La Madrid, Pu\u00e1n y Salliquel\u00f3, entre otros funcionarios de la Provincia y la regi\u00f3n.<\/p>\n<p>  \u201cHoy, en esta vig\u00e9simo tercera edici\u00f3n, relanzamos Estaci\u00f3n Ciencia con muchos componentes nuevos, una feria renovada porque esa es la din\u00e1mica que tiene el conocimiento y que nos obliga a seguir innovando\u201d, se\u00f1al\u00f3 Elustondo en la apertura y agreg\u00f3 que \u201ceste es un trabajo que se realiza con el trabajo conjunto de la Naci\u00f3n, la Provincia y los Municipios, porque sin el apoyo de los actores locales ser\u00eda imposible llevarlo adelante\u201d. En ese mismo sentido asegur\u00f3 que \u201ccon esta muestra despertamos vocaciones cient\u00edficas y potenciamos los talentos de miles de j\u00f3venes en todo el territorio bonaerense, prepar\u00e1ndolos para los trabajos del futuro\u201d.<\/p>\n<p>  Por su parte, Salvador destac\u00f3 el valor de la propuesta y remarc\u00f3 que \u201cninguno de nosotros ignora que la educaci\u00f3n es una de las principales herramientas para la igualaci\u00f3n social y por eso existe Estaci\u00f3n Ciencia y se comenzar\u00e1 a estudiar rob\u00f3tica en las escuelas, como anunci\u00f3 la gobernadora Mar\u00eda Eugenia Vidal d\u00edas atr\u00e1s, por ejemplo; porque queremos una Provincia donde todos tengan las mismas posibilidades\u201d. El intendente Hirtz, en tanto, agradeci\u00f3 el acompa\u00f1amiento de las autoridades provinciales y concluy\u00f3 que \u201cestamos muy contentos que el recorrido de la feria en este 2018 sea en Adolfo Alsina, fundamentalmente porque queremos remarcar la importancia que tienen la ciencia y la tecnolog\u00eda para el futuro de nuestros chicos y j\u00f3venes y generar m\u00e1s oportunidades para todo ellos\u201d.<\/p>\n<p>  Vale destacar que Estaci\u00f3n Ciencia es el resultado del trabajo encabezado por el MCTI en conjunto con el Municipio donde se realiza la feria, el Ministerio de Ciencia, Tecnolog\u00eda e Innovaci\u00f3n Productiva de la Naci\u00f3n (MinCyT) a trav\u00e9s del Consejo Federal de Ciencia y Tecnolog\u00eda (COFECyT), el Ministerio de Justicia, el Servicio Penitenciario Bonaerense (SPB), la Comisi\u00f3n de Investigaciones Cient\u00edficas (CIC), el Consejo Nacional de Investigaciones Cient\u00edficas y T\u00e9cnicas (CONICET), el Instituto Nacional de Tecnolog\u00eda Agropecuaria (INTA), el Servicio Meteorol\u00f3gico Nacional (SMN), el Museo de Minerales (MuMin), la Universidad Nacional del Sur (UNS) y la Universidad Provincial del Sudoeste (UPSO), entre otras instituciones nacionales, provinciales y locales.<\/p>\n","protected":false},"excerpt":{"rendered":"<p>El Ministerio de Ciencia, Tecnolog\u00eda e Innovaci\u00f3n (MCTI) relanz\u00f3 este fin de semana Estaci\u00f3n Ciencia, la feria itinerante del conocimiento que recorre el territorio provincial acercando a chicos y grandes propuestas interactivas para aprender jugando. La muestra, que fue un \u00e9xito a lo largo del \u00faltimo a\u00f1o y ya visitaron m\u00e1s de 285 mil personas, [&hellip;]<\/p>\n","protected":false},"author":4,"featured_media":31076,"comment_status":"open","ping_status":"closed","sticky":false,"template":"","format":"standard","meta":{"om_disable_all_campaigns":false,"_jetpack_memberships_contains_paid_content":false,"footnotes":""},"categories":[101,2],"tags":[],"class_list":["post-31073","post","type-post","status-publish","format-standard","has-post-thumbnail","hentry","category-interes-general-locales","category-locales"],"aioseo_notices":[],"gutentor_comment":0,"jetpack_featured_media_url":"https:\/\/eldiariodesanpedro.com.ar\/sitio\/wp-content\/uploads\/2018\/04\/Semana-Santa-a-pura-ciencia-e-innovaci\u00f3n-en-Adolfo-Alsina.jpeg","jetpack_shortlink":"https:\/\/wp.me\/p6RhLt-85b","jetpack_sharing_enabled":true,"_links":{"self":[{"href":"https:\/\/eldiariodesanpedro.com.ar\/sitio\/wp-json\/wp\/v2\/posts\/31073","targetHints":{"allow":["GET"]}}],"collection":[{"href":"https:\/\/eldiariodesanpedro.com.ar\/sitio\/wp-json\/wp\/v2\/posts"}],"about":[{"href":"https:\/\/eldiariodesanpedro.com.ar\/sitio\/wp-json\/wp\/v2\/types\/post"}],"author":[{"embeddable":true,"href":"https:\/\/eldiariodesanpedro.com.ar\/sitio\/wp-json\/wp\/v2\/users\/4"}],"replies":[{"embeddable":true,"href":"https:\/\/eldiariodesanpedro.com.ar\/sitio\/wp-json\/wp\/v2\/comments?post=31073"}],"version-history":[{"count":1,"href":"https:\/\/eldiariodesanpedro.com.ar\/sitio\/wp-json\/wp\/v2\/posts\/31073\/revisions"}],"predecessor-version":[{"id":31077,"href":"https:\/\/eldiariodesanpedro.com.ar\/sitio\/wp-json\/wp\/v2\/posts\/31073\/revisions\/31077"}],"wp:featuredmedia":[{"embeddable":true,"href":"https:\/\/eldiariodesanpedro.com.ar\/sitio\/wp-json\/wp\/v2\/media\/31076"}],"wp:attachment":[{"href":"https:\/\/eldiariodesanpedro.com.ar\/sitio\/wp-json\/wp\/v2\/media?parent=31073"}],"wp:term":[{"taxonomy":"category","embeddable":true,"href":"https:\/\/eldiariodesanpedro.com.ar\/sitio\/wp-json\/wp\/v2\/categories?post=31073"},{"taxonomy":"post_tag","embeddable":true,"href":"https:\/\/eldiariodesanpedro.com.ar\/sitio\/wp-json\/wp\/v2\/tags?post=31073"}],"curies":[{"name":"wp","href":"https:\/\/api.w.org\/{rel}","templated":true}]}}