{"id":31071,"date":"2018-04-03T19:58:06","date_gmt":"2018-04-03T22:58:06","guid":{"rendered":"https:\/\/eldiariodesanpedro.com.ar\/sitio\/?p=31071"},"modified":"2018-04-03T19:58:06","modified_gmt":"2018-04-03T22:58:06","slug":"santa-lucia-tambien-homenajeo-a-los-heroes-de-malvinas","status":"publish","type":"post","link":"https:\/\/eldiariodesanpedro.com.ar\/sitio\/santa-lucia-tambien-homenajeo-a-los-heroes-de-malvinas\/","title":{"rendered":"Santa Luc\u00eda tambi\u00e9n homenaje\u00f3 a los H\u00e9roes de Malvinas"},"content":{"rendered":"<p><!-- VideographyWP Plugin Message: Automatic video embedding prevented by plugin options. --><br \/>\n  Como en todo el pa\u00eds, este 2 de abril fue un d\u00eda muy especial para los argentinos y en Santa Luc\u00eda con mucha emoci\u00f3n y dedicaci\u00f3n, desde el Museo Hist\u00f3rico y la Delegaci\u00f3n Municipal organizaron un acto de conmemoraci\u00f3n. <\/p>\n<p>  El encuentro que cont\u00f3 con la participaci\u00f3n de Veteranos, representantes del Municipio, delegaciones escolares y vecinos, tuvo lugar en el Monumento que recuerda la gesta ubicado en la Plaza San Mart\u00edn de la localidad.<\/p>\n","protected":false},"excerpt":{"rendered":"<p>Como en todo el pa\u00eds, este 2 de abril fue un d\u00eda muy especial para los argentinos y en Santa Luc\u00eda con mucha emoci\u00f3n y dedicaci\u00f3n, desde el Museo Hist\u00f3rico y la Delegaci\u00f3n Municipal organizaron un acto de conmemoraci\u00f3n. El encuentro que cont\u00f3 con la participaci\u00f3n de Veteranos, representantes del Municipio, delegaciones escolares y vecinos, [&hellip;]<\/p>\n","protected":false},"author":4,"featured_media":31072,"comment_status":"open","ping_status":"closed","sticky":false,"template":"","format":"standard","meta":{"om_disable_all_campaigns":false,"_jetpack_memberships_contains_paid_content":false,"footnotes":""},"categories":[101,2],"tags":[],"class_list":["post-31071","post","type-post","status-publish","format-standard","has-post-thumbnail","hentry","category-interes-general-locales","category-locales"],"aioseo_notices":[],"gutentor_comment":0,"jetpack_featured_media_url":"https:\/\/eldiariodesanpedro.com.ar\/sitio\/wp-content\/uploads\/2018\/04\/Acto-por-Malvinas-en-Santa-Luc\u00eda.jpg","jetpack_shortlink":"https:\/\/wp.me\/p6RhLt-859","jetpack_sharing_enabled":true,"_links":{"self":[{"href":"https:\/\/eldiariodesanpedro.com.ar\/sitio\/wp-json\/wp\/v2\/posts\/31071","targetHints":{"allow":["GET"]}}],"collection":[{"href":"https:\/\/eldiariodesanpedro.com.ar\/sitio\/wp-json\/wp\/v2\/posts"}],"about":[{"href":"https:\/\/eldiariodesanpedro.com.ar\/sitio\/wp-json\/wp\/v2\/types\/post"}],"author":[{"embeddable":true,"href":"https:\/\/eldiariodesanpedro.com.ar\/sitio\/wp-json\/wp\/v2\/users\/4"}],"replies":[{"embeddable":true,"href":"https:\/\/eldiariodesanpedro.com.ar\/sitio\/wp-json\/wp\/v2\/comments?post=31071"}],"version-history":[{"count":1,"href":"https:\/\/eldiariodesanpedro.com.ar\/sitio\/wp-json\/wp\/v2\/posts\/31071\/revisions"}],"predecessor-version":[{"id":31074,"href":"https:\/\/eldiariodesanpedro.com.ar\/sitio\/wp-json\/wp\/v2\/posts\/31071\/revisions\/31074"}],"wp:featuredmedia":[{"embeddable":true,"href":"https:\/\/eldiariodesanpedro.com.ar\/sitio\/wp-json\/wp\/v2\/media\/31072"}],"wp:attachment":[{"href":"https:\/\/eldiariodesanpedro.com.ar\/sitio\/wp-json\/wp\/v2\/media?parent=31071"}],"wp:term":[{"taxonomy":"category","embeddable":true,"href":"https:\/\/eldiariodesanpedro.com.ar\/sitio\/wp-json\/wp\/v2\/categories?post=31071"},{"taxonomy":"post_tag","embeddable":true,"href":"https:\/\/eldiariodesanpedro.com.ar\/sitio\/wp-json\/wp\/v2\/tags?post=31071"}],"curies":[{"name":"wp","href":"https:\/\/api.w.org\/{rel}","templated":true}]}}