{"id":310,"date":"2015-11-13T10:22:53","date_gmt":"2015-11-13T13:22:53","guid":{"rendered":"http:\/\/www.eldiariodesanpedro.com.ar\/?p=310"},"modified":"2026-01-23T23:16:45","modified_gmt":"2026-01-24T02:16:45","slug":"la-corte-mantiene-en-suspenso-la-adecuacion-del-grupo-clarin-a-la-ley-de-medios","status":"publish","type":"post","link":"https:\/\/eldiariodesanpedro.com.ar\/sitio\/la-corte-mantiene-en-suspenso-la-adecuacion-del-grupo-clarin-a-la-ley-de-medios\/","title":{"rendered":"La Corte mantiene en suspenso la adecuaci\u00f3n del Grupo Clar\u00edn a la Ley de Medios"},"content":{"rendered":"<p><!-- VideographyWP Plugin Message: Automatic video embedding prevented by plugin options. --><br \/>\n(NA) &#8211; La Corte Suprema mantuvo este jueves la vigencia de una medida cautelar que suspendi\u00f3 el \u00abprocedimiento de transferencia de oficio\u00bb dispuesto por la Autoridad Federal de Servicios de Comunicaci\u00f3n Audiovisual (Afsca) para que el Grupo Clar\u00edn se adecue a lo fijado por la Ley de Medios.<br \/>\nEl m\u00e1ximo tribunal ratific\u00f3 una cautelar dispuesta en primera instancia por el juzgado en lo Civil y Comercial Federal 1 a cargo de Horacio Alfonso y tambi\u00e9n avalada en C\u00e1mara, al rechazar un pedido de la Afsca.<br \/>\nTras la declaraci\u00f3n de constitucionalidad que hizo la Corte sobre la Ley de Medios, el organismo que preside Mart\u00edn Sabbatella rechaz\u00f3 el plan de adecuaci\u00f3n voluntaria que present\u00f3 Clar\u00edn, luego de que detectara \u00abgraves irregularidades\u00bb e intent\u00f3 aplicar una adecuaci\u00f3n de oficio, ante lo cual el grupo de medios present\u00f3 una acci\u00f3n de amparo que result\u00f3 favorable en primera instancia.<br \/>\nEl organismo apel\u00f3 la medida ante C\u00e1mara y pidi\u00f3 que fuera con \u00abefecto suspensivo\u00bb, esto es, que mientras tanto se definiera el proceso judicial, comenzara con la adecuaci\u00f3n de oficio, aunque la C\u00e1mara en lo Civil y Comercial federal con la firma de los jueces Mar\u00eda Susana Najurieta y Ricardo V\u00edctor Guarinoni, rechaz\u00f3 el planteo y confirm\u00f3 la suspensi\u00f3n de la adecuaci\u00f3n.<br \/>\nEn ese momento, la Afsca, con el patrocinio de los abogados Mariano Przybylski, Sergio Zurano y Dalila Seoane, y el Estado Nacional, a trav\u00e9s de Dami\u00e1n Garat y Mart\u00edn Monea, apelaron ante la Corte Suprema.<br \/>\nEste jueves, los jueces Ricardo Lorenzetti, Carlos Fayt y Elena Highton rechazaron el pedido, pues consideraron que los recursos del organismo y el Estado Nacional \u00abno se dirigen contra una sentencia definitiva o equiparable a tal\u00bb.<br \/>\nDe esta forma, queda vigente la medida cautelar que evita la adecuaci\u00f3n forzosa del Grupo Clar\u00edn en el marco de lo fijado por la Ley de Medios, cuando ya se cumplieron seis a\u00f1os de su<br \/>\nsanci\u00f3n en el Congreso y a poco del recambio de Gobierno.<br \/>\nAl respecto, Sabbatella advirti\u00f3 que \u00abel Partido Judicial le facilita al (CEO de Clar\u00edn, H\u00e9ctor) Magnetto seguir al margen de la ley\u00bb.<br \/>\n\u00abAverg\u00fcenza ver c\u00f3mo una parte del Poder Judicial una vez m\u00e1s le facilita al Grupo Clar\u00edn seguir al margen de la ley, excediendo el n\u00famero de licencias permitidas y dominando el mercado de medios\u00bb, subray\u00f3 el funcionario.<br \/>\nEn un comunicado, el presidente del organismo afirm\u00f3 que \u00abno sorprende la decisi\u00f3n de la Corte, pero no deja de ser una barbaridad\u00bb.<br \/>\n\u00abEl mismo m\u00e1ximo tribunal que aval\u00f3 de punta a punta la ley que limita la concentraci\u00f3n de medios, exime al Clan Magnetto de tener que cumplirla y le permite seguir concentrando\u00bb, evalu\u00f3.<br \/>\nY agreg\u00f3: \u00abEl Partido Judicial que vuelve a inclinarse a favor del mantenimiento del negocio de Clar\u00edn por sobre la democratizaci\u00f3n de la palabra en nuestro pa\u00eds\u00bb.<\/p>\n","protected":false},"excerpt":{"rendered":"<p>(NA) &#8211; La Corte Suprema mantuvo este jueves la vigencia de una medida cautelar que suspendi\u00f3 el \u00abprocedimiento de transferencia de oficio\u00bb dispuesto por la Autoridad Federal de Servicios de Comunicaci\u00f3n Audiovisual (Afsca) para que el Grupo Clar\u00edn se adecue a lo fijado por la Ley de Medios. El m\u00e1ximo tribunal ratific\u00f3 una cautelar dispuesta [&hellip;]<\/p>\n","protected":false},"author":4,"featured_media":312,"comment_status":"open","ping_status":"closed","sticky":false,"template":"","format":"standard","meta":{"om_disable_all_campaigns":false,"_jetpack_memberships_contains_paid_content":false,"footnotes":""},"categories":[3],"tags":[],"class_list":["post-310","post","type-post","status-publish","format-standard","has-post-thumbnail","hentry","category-nacionales"],"aioseo_notices":[],"gutentor_comment":0,"jetpack_featured_media_url":"https:\/\/eldiariodesanpedro.com.ar\/sitio\/wp-content\/uploads\/2015\/11\/Corte-rechaz\u00f3-pedido.jpg","jetpack_shortlink":"https:\/\/wp.me\/p6RhLt-50","jetpack_sharing_enabled":true,"_links":{"self":[{"href":"https:\/\/eldiariodesanpedro.com.ar\/sitio\/wp-json\/wp\/v2\/posts\/310","targetHints":{"allow":["GET"]}}],"collection":[{"href":"https:\/\/eldiariodesanpedro.com.ar\/sitio\/wp-json\/wp\/v2\/posts"}],"about":[{"href":"https:\/\/eldiariodesanpedro.com.ar\/sitio\/wp-json\/wp\/v2\/types\/post"}],"author":[{"embeddable":true,"href":"https:\/\/eldiariodesanpedro.com.ar\/sitio\/wp-json\/wp\/v2\/users\/4"}],"replies":[{"embeddable":true,"href":"https:\/\/eldiariodesanpedro.com.ar\/sitio\/wp-json\/wp\/v2\/comments?post=310"}],"version-history":[{"count":1,"href":"https:\/\/eldiariodesanpedro.com.ar\/sitio\/wp-json\/wp\/v2\/posts\/310\/revisions"}],"predecessor-version":[{"id":313,"href":"https:\/\/eldiariodesanpedro.com.ar\/sitio\/wp-json\/wp\/v2\/posts\/310\/revisions\/313"}],"wp:featuredmedia":[{"embeddable":true,"href":"https:\/\/eldiariodesanpedro.com.ar\/sitio\/wp-json\/wp\/v2\/media\/312"}],"wp:attachment":[{"href":"https:\/\/eldiariodesanpedro.com.ar\/sitio\/wp-json\/wp\/v2\/media?parent=310"}],"wp:term":[{"taxonomy":"category","embeddable":true,"href":"https:\/\/eldiariodesanpedro.com.ar\/sitio\/wp-json\/wp\/v2\/categories?post=310"},{"taxonomy":"post_tag","embeddable":true,"href":"https:\/\/eldiariodesanpedro.com.ar\/sitio\/wp-json\/wp\/v2\/tags?post=310"}],"curies":[{"name":"wp","href":"https:\/\/api.w.org\/{rel}","templated":true}]}}