{"id":306,"date":"2015-11-13T10:21:39","date_gmt":"2015-11-13T13:21:39","guid":{"rendered":"http:\/\/www.eldiariodesanpedro.com.ar\/?p=306"},"modified":"2026-01-23T23:34:48","modified_gmt":"2026-01-24T02:34:48","slug":"un-policia-mato-a-su-novia-de-siete-tiros-y-luego-se-suicido","status":"publish","type":"post","link":"https:\/\/eldiariodesanpedro.com.ar\/sitio\/un-policia-mato-a-su-novia-de-siete-tiros-y-luego-se-suicido\/","title":{"rendered":"Un polic\u00eda mat\u00f3 a su novia de siete tiros y luego se suicid\u00f3"},"content":{"rendered":"<p><!-- VideographyWP Plugin Message: Automatic video embedding prevented by plugin options. --><br \/>\n(NA) &#8211; Un oficial de la Polic\u00eda Bonaerense asesin\u00f3 de siete tiros a su novia y luego se suicid\u00f3 de un disparo en la cabeza en la localidad de Guernica, en el partido de Presidente Per\u00f3n.<br \/>\nSeg\u00fan informaron fuentes policiales, el sangriento episodio se produjo alrededor de las 20:00 de este mi\u00e9rcoles en la intersecci\u00f3n de 12 y 32, de esa localidad de la zona sur del Gran Buenos Aires.<br \/>\nEn ese lugar, se habr\u00eda producido una discusi\u00f3n entre el oficial del Comando de Patrullas Comunitarias (CPC) de Presidente Per\u00f3n, Carlos Rub\u00e9n Salinas, de 21 a\u00f1os, y su mujer, Luc\u00eda Giselle Duarte, de 23 a\u00f1os.<br \/>\nLa pareja que estaba dentro de un auto Volkswagen Gol, propiedad del polic\u00eda, habr\u00eda empezado a discutir cuando la joven plante\u00f3 que quer\u00eda cortar la relaci\u00f3n por actitudes violentas del<br \/>\nmuchacho hacia ella.<br \/>\nEn un momento de la pelea, Duarte sali\u00f3 del auto y Salinas sac\u00f3 su arma reglamentaria, con la que hiri\u00f3 gravemente a la joven de al menos siete disparos, dos de los cuales la impactaron<br \/>\nen el cuello.<br \/>\nTras cometer la agresi\u00f3n, el joven agente, que estaba de franco de servicio, se efectu\u00f3 un tiro en la cabeza.<br \/>\nAl llegar al lugar otros efectivos de la comisar\u00eda local, encontraron a los miembros de la pareja gravemente heridos, por lo que fueron llevados al Hospital de Guernica, donde minutos m\u00e1s<br \/>\ntardes se produjeron los decesos.<br \/>\nFamiliares de la joven indicaron a distintos medios que d\u00edas atr\u00e1s hab\u00edan presentado una denuncia contra Salinas por amenazas y episodios de violencia contra la chica. En ese sentido, refirieron un inconveniente que tuvieron por el extrav\u00edo de una denuncia realizada en una comisar\u00eda de la zona, en la que se intentaba que se tome una medida de restricci\u00f3n para proteger a la v\u00edctima.<br \/>\nEn el hecho tom\u00f3 intervenci\u00f3n personal de la comisar\u00eda primera de Guernica, que recolect\u00f3 el testimonio de varios testigos y secuestr\u00f3 el arma con la que se realizaron los disparos, una<br \/>\npistola calibre nueve mil\u00edmetros.<\/p>\n","protected":false},"excerpt":{"rendered":"<p>(NA) &#8211; Un oficial de la Polic\u00eda Bonaerense asesin\u00f3 de siete tiros a su novia y luego se suicid\u00f3 de un disparo en la cabeza en la localidad de Guernica, en el partido de Presidente Per\u00f3n. Seg\u00fan informaron fuentes policiales, el sangriento episodio se produjo alrededor de las 20:00 de este mi\u00e9rcoles en la intersecci\u00f3n [&hellip;]<\/p>\n","protected":false},"author":4,"featured_media":308,"comment_status":"open","ping_status":"closed","sticky":false,"template":"","format":"standard","meta":{"om_disable_all_campaigns":false,"_jetpack_memberships_contains_paid_content":false,"footnotes":""},"categories":[3],"tags":[],"class_list":["post-306","post","type-post","status-publish","format-standard","has-post-thumbnail","hentry","category-nacionales"],"aioseo_notices":[],"gutentor_comment":0,"jetpack_featured_media_url":"https:\/\/eldiariodesanpedro.com.ar\/sitio\/wp-content\/uploads\/2015\/11\/Polic\u00eda-mat\u00f3-a-novia-y-se-suicid\u00f3.jpg","jetpack_shortlink":"https:\/\/wp.me\/p6RhLt-4W","jetpack_sharing_enabled":true,"_links":{"self":[{"href":"https:\/\/eldiariodesanpedro.com.ar\/sitio\/wp-json\/wp\/v2\/posts\/306","targetHints":{"allow":["GET"]}}],"collection":[{"href":"https:\/\/eldiariodesanpedro.com.ar\/sitio\/wp-json\/wp\/v2\/posts"}],"about":[{"href":"https:\/\/eldiariodesanpedro.com.ar\/sitio\/wp-json\/wp\/v2\/types\/post"}],"author":[{"embeddable":true,"href":"https:\/\/eldiariodesanpedro.com.ar\/sitio\/wp-json\/wp\/v2\/users\/4"}],"replies":[{"embeddable":true,"href":"https:\/\/eldiariodesanpedro.com.ar\/sitio\/wp-json\/wp\/v2\/comments?post=306"}],"version-history":[{"count":1,"href":"https:\/\/eldiariodesanpedro.com.ar\/sitio\/wp-json\/wp\/v2\/posts\/306\/revisions"}],"predecessor-version":[{"id":309,"href":"https:\/\/eldiariodesanpedro.com.ar\/sitio\/wp-json\/wp\/v2\/posts\/306\/revisions\/309"}],"wp:featuredmedia":[{"embeddable":true,"href":"https:\/\/eldiariodesanpedro.com.ar\/sitio\/wp-json\/wp\/v2\/media\/308"}],"wp:attachment":[{"href":"https:\/\/eldiariodesanpedro.com.ar\/sitio\/wp-json\/wp\/v2\/media?parent=306"}],"wp:term":[{"taxonomy":"category","embeddable":true,"href":"https:\/\/eldiariodesanpedro.com.ar\/sitio\/wp-json\/wp\/v2\/categories?post=306"},{"taxonomy":"post_tag","embeddable":true,"href":"https:\/\/eldiariodesanpedro.com.ar\/sitio\/wp-json\/wp\/v2\/tags?post=306"}],"curies":[{"name":"wp","href":"https:\/\/api.w.org\/{rel}","templated":true}]}}