{"id":30547,"date":"2018-03-19T21:04:03","date_gmt":"2018-03-20T00:04:03","guid":{"rendered":"https:\/\/eldiariodesanpedro.com.ar\/sitio\/?p=30547"},"modified":"2018-03-19T21:04:03","modified_gmt":"2018-03-20T00:04:03","slug":"zarate-boqueteros-en-lima-desvalijaron-un-comercio-centrico","status":"publish","type":"post","link":"https:\/\/eldiariodesanpedro.com.ar\/sitio\/zarate-boqueteros-en-lima-desvalijaron-un-comercio-centrico\/","title":{"rendered":"Z\u00c1RATE, \u201cBoqueteros\u201d en Lima: desvalijaron un comercio c\u00e9ntrico"},"content":{"rendered":"<p><!-- VideographyWP Plugin Message: Automatic video embedding prevented by plugin options. --><br \/>\nPor estas horas trascendi\u00f3 la lamentable noticia que un comercio ubicado en la avenida 11 a 150 mts. de la Comisar\u00eda 2da. de Lima y a media cuadra de la plaza, fue v\u00edctima del ataque de \u201cboqueteros\u201d.<\/p>\n<p>  El hecho se consum\u00f3 en horas de la noche, cuando un grupo no determinado de delincuentes ingresaron al local abriendo un boquete en una pared desde una vivienda lindera, tras forzar una reja y romper un candado.<\/p>\n<p>  Una vez en el interior, revolvieron las instalaciones alz\u00e1ndose con un bot\u00edn compuesto por celulares, videojuegos, memorias, art\u00edculos de computaci\u00f3n y discos, aunque todav\u00eda no se pudo determinar el monto total de los robado.<\/p>\n<p>  Los malvivientes, adem\u00e1s, hab\u00edan cortado la alarma y se llevaron el material f\u00edlmico de la c\u00e1mara de video digital.<\/p>\n<p>  El propietario se\u00f1al\u00f3, que es el segundo atraco que sufren desde que inauguraron en noviembre pasado.<\/p>\n<p>Fuente: Enlace Cr\u00edtico<\/p>\n","protected":false},"excerpt":{"rendered":"<p>Por estas horas trascendi\u00f3 la lamentable noticia que un comercio ubicado en la avenida 11 a 150 mts. de la Comisar\u00eda 2da. de Lima y a media cuadra de la plaza, fue v\u00edctima del ataque de \u201cboqueteros\u201d. El hecho se consum\u00f3 en horas de la noche, cuando un grupo no determinado de delincuentes ingresaron al [&hellip;]<\/p>\n","protected":false},"author":4,"featured_media":30549,"comment_status":"open","ping_status":"closed","sticky":false,"template":"","format":"standard","meta":{"om_disable_all_campaigns":false,"_jetpack_memberships_contains_paid_content":false,"footnotes":""},"categories":[621],"tags":[],"class_list":["post-30547","post","type-post","status-publish","format-standard","has-post-thumbnail","hentry","category-regionales"],"aioseo_notices":[],"gutentor_comment":0,"jetpack_featured_media_url":"https:\/\/eldiariodesanpedro.com.ar\/sitio\/wp-content\/uploads\/2018\/03\/boqueteros-Robo-lima.jpg","jetpack_shortlink":"https:\/\/wp.me\/p6RhLt-7WH","jetpack_sharing_enabled":true,"_links":{"self":[{"href":"https:\/\/eldiariodesanpedro.com.ar\/sitio\/wp-json\/wp\/v2\/posts\/30547","targetHints":{"allow":["GET"]}}],"collection":[{"href":"https:\/\/eldiariodesanpedro.com.ar\/sitio\/wp-json\/wp\/v2\/posts"}],"about":[{"href":"https:\/\/eldiariodesanpedro.com.ar\/sitio\/wp-json\/wp\/v2\/types\/post"}],"author":[{"embeddable":true,"href":"https:\/\/eldiariodesanpedro.com.ar\/sitio\/wp-json\/wp\/v2\/users\/4"}],"replies":[{"embeddable":true,"href":"https:\/\/eldiariodesanpedro.com.ar\/sitio\/wp-json\/wp\/v2\/comments?post=30547"}],"version-history":[{"count":1,"href":"https:\/\/eldiariodesanpedro.com.ar\/sitio\/wp-json\/wp\/v2\/posts\/30547\/revisions"}],"predecessor-version":[{"id":30551,"href":"https:\/\/eldiariodesanpedro.com.ar\/sitio\/wp-json\/wp\/v2\/posts\/30547\/revisions\/30551"}],"wp:featuredmedia":[{"embeddable":true,"href":"https:\/\/eldiariodesanpedro.com.ar\/sitio\/wp-json\/wp\/v2\/media\/30549"}],"wp:attachment":[{"href":"https:\/\/eldiariodesanpedro.com.ar\/sitio\/wp-json\/wp\/v2\/media?parent=30547"}],"wp:term":[{"taxonomy":"category","embeddable":true,"href":"https:\/\/eldiariodesanpedro.com.ar\/sitio\/wp-json\/wp\/v2\/categories?post=30547"},{"taxonomy":"post_tag","embeddable":true,"href":"https:\/\/eldiariodesanpedro.com.ar\/sitio\/wp-json\/wp\/v2\/tags?post=30547"}],"curies":[{"name":"wp","href":"https:\/\/api.w.org\/{rel}","templated":true}]}}