{"id":30546,"date":"2018-03-19T21:03:46","date_gmt":"2018-03-20T00:03:46","guid":{"rendered":"https:\/\/eldiariodesanpedro.com.ar\/sitio\/?p=30546"},"modified":"2018-03-19T21:03:46","modified_gmt":"2018-03-20T00:03:46","slug":"baradero-empezo-a-colocarse-la-escalera-metalica-con-vista-panoramica-en-paseo-del-cristo-de-la-hermandad","status":"publish","type":"post","link":"https:\/\/eldiariodesanpedro.com.ar\/sitio\/baradero-empezo-a-colocarse-la-escalera-metalica-con-vista-panoramica-en-paseo-del-cristo-de-la-hermandad\/","title":{"rendered":"BARADERO: Empez\u00f3 a colocarse la escalera met\u00e1lica con vista panor\u00e1mica en Paseo del Cristo de la Hermandad"},"content":{"rendered":"<p><!-- VideographyWP Plugin Message: Automatic video embedding prevented by plugin options. --><br \/>\n  El Municipio se encuentra trabajando intensamente en la construcci\u00f3n de una nueva escalera met\u00e1lica con vista panor\u00e1mica, que vincule los bajos de la rotonda de la Ruta N\u00b0 41 con el monumento al Cristo de la Hermandad.<br \/>\n  Luego de su construcci\u00f3n y del mejoramiento, nivelaci\u00f3n y entoscado del camino de acceso al monumento, la escalera met\u00e1lica ya est\u00e1 siendo colocada.<\/p>\n<p>  La obra que ya est\u00e1 en construcci\u00f3n tiene como principal objetivo incrementar las \u00e1reas y v\u00edas de esparcimiento con prioridad peatonal, mediante el tratamiento paisaj\u00edstico ornamental y obras de arquitectura con alto enfoque en el beneficio social general, donde tambi\u00e9n se busca incrementar el recorrido del paseo costero, el cual pueda ser realizado de forma peatonal entre el Puerto y el Monumento al Cristo.<\/p>\n<p>  Otra de las finalidades importantes est\u00e1 basada en poner en valor la zona de alta potencialidad tur\u00edstica, a los efectos de dinamizar la econom\u00eda regional mediante el incremento de visitantes y turistas a Baradero; y fomentar el desarrollo de proyectos integrados aprovechando los recursos naturales potencialmente explorables favoreciendo el desarrollo de las poblaciones beneficiarias con el proyecto. Cabe destacar que habr\u00e1 alteraci\u00f3n m\u00ednima del ecosistema en el cual se enmarca el \u00e1rea de influencia de la obra.<\/p>\n<p>  Actualmente se est\u00e1 construyendo la escalera met\u00e1lica y se est\u00e1 mejorando el camino de acceso al monumento del Cristo de la Hermandad con tareas de nivelaci\u00f3n, colocaci\u00f3n de tosca y abovedado con su correspondiente canalizaci\u00f3n.<\/p>\n<p>Fuente: Baradero Te Informa<\/p>\n","protected":false},"excerpt":{"rendered":"<p>El Municipio se encuentra trabajando intensamente en la construcci\u00f3n de una nueva escalera met\u00e1lica con vista panor\u00e1mica, que vincule los bajos de la rotonda de la Ruta N\u00b0 41 con el monumento al Cristo de la Hermandad. Luego de su construcci\u00f3n y del mejoramiento, nivelaci\u00f3n y entoscado del camino de acceso al monumento, la escalera [&hellip;]<\/p>\n","protected":false},"author":4,"featured_media":30548,"comment_status":"open","ping_status":"closed","sticky":false,"template":"","format":"standard","meta":{"om_disable_all_campaigns":false,"_jetpack_memberships_contains_paid_content":false,"footnotes":""},"categories":[621],"tags":[],"class_list":["post-30546","post","type-post","status-publish","format-standard","has-post-thumbnail","hentry","category-regionales"],"aioseo_notices":[],"gutentor_comment":0,"jetpack_featured_media_url":"https:\/\/eldiariodesanpedro.com.ar\/sitio\/wp-content\/uploads\/2018\/03\/baradero-Nueva-escalera-met\u00e1lica-con-vista-panor\u00e1mica.jpg","jetpack_shortlink":"https:\/\/wp.me\/p6RhLt-7WG","jetpack_sharing_enabled":true,"_links":{"self":[{"href":"https:\/\/eldiariodesanpedro.com.ar\/sitio\/wp-json\/wp\/v2\/posts\/30546","targetHints":{"allow":["GET"]}}],"collection":[{"href":"https:\/\/eldiariodesanpedro.com.ar\/sitio\/wp-json\/wp\/v2\/posts"}],"about":[{"href":"https:\/\/eldiariodesanpedro.com.ar\/sitio\/wp-json\/wp\/v2\/types\/post"}],"author":[{"embeddable":true,"href":"https:\/\/eldiariodesanpedro.com.ar\/sitio\/wp-json\/wp\/v2\/users\/4"}],"replies":[{"embeddable":true,"href":"https:\/\/eldiariodesanpedro.com.ar\/sitio\/wp-json\/wp\/v2\/comments?post=30546"}],"version-history":[{"count":1,"href":"https:\/\/eldiariodesanpedro.com.ar\/sitio\/wp-json\/wp\/v2\/posts\/30546\/revisions"}],"predecessor-version":[{"id":30550,"href":"https:\/\/eldiariodesanpedro.com.ar\/sitio\/wp-json\/wp\/v2\/posts\/30546\/revisions\/30550"}],"wp:featuredmedia":[{"embeddable":true,"href":"https:\/\/eldiariodesanpedro.com.ar\/sitio\/wp-json\/wp\/v2\/media\/30548"}],"wp:attachment":[{"href":"https:\/\/eldiariodesanpedro.com.ar\/sitio\/wp-json\/wp\/v2\/media?parent=30546"}],"wp:term":[{"taxonomy":"category","embeddable":true,"href":"https:\/\/eldiariodesanpedro.com.ar\/sitio\/wp-json\/wp\/v2\/categories?post=30546"},{"taxonomy":"post_tag","embeddable":true,"href":"https:\/\/eldiariodesanpedro.com.ar\/sitio\/wp-json\/wp\/v2\/tags?post=30546"}],"curies":[{"name":"wp","href":"https:\/\/api.w.org\/{rel}","templated":true}]}}