{"id":30539,"date":"2018-03-19T20:58:32","date_gmt":"2018-03-19T23:58:32","guid":{"rendered":"https:\/\/eldiariodesanpedro.com.ar\/sitio\/?p=30539"},"modified":"2018-03-19T20:58:32","modified_gmt":"2018-03-19T23:58:32","slug":"san-nicolas-boleto-estudiantil-gratuito-los-directores-deberan-cargar-datos-en-mis-alumnos","status":"publish","type":"post","link":"https:\/\/eldiariodesanpedro.com.ar\/sitio\/san-nicolas-boleto-estudiantil-gratuito-los-directores-deberan-cargar-datos-en-mis-alumnos\/","title":{"rendered":"SAN NICOL\u00c1S, Boleto Estudiantil Gratuito: Los directores deber\u00e1n cargar datos en \u201cMis Alumnos\u201d"},"content":{"rendered":"<p><!-- VideographyWP Plugin Message: Automatic video embedding prevented by plugin options. --><br \/>\n  La Direcci\u00f3n General de Cultura y Educaci\u00f3n incorpor\u00f3 una plataforma en su p\u00e1gina web (ABC) denominada \u201cMIS ALUMNOS\u201d. En ella los directores deben cargar los datos de los alumnos que utilizan boleto estudiantil como primer paso para que el estudiante pueda efectuar el registro en el formulario de pre-inscripci\u00f3n en la p\u00e1gina web del Ministerio de Transporte para la tarjeta Sube.<\/p>\n<p>  Hasta el 9 de abril, los equipos de conducci\u00f3n de las escuelas de distintos niveles y modalidades de la Provincia, deber\u00e1n realizar la incorporaci\u00f3n de los datos de todos sus estudiantes en la nueva versi\u00f3n de la plataforma 2018 de \u201cMIS ALUMNOS\u201d. La digitalizaci\u00f3n e integraci\u00f3n de esta informaci\u00f3n ser\u00e1 \u00fatil para las pol\u00edticas educativas y, entre otros aspectos, garantizar\u00e1 a los ni\u00f1os y adolescente la certificaci\u00f3n correspondiente para la obtenci\u00f3n de la Asignaci\u00f3n Universal por Hijo y el Boleto Estudiantil.<\/p>\n<p>  Es de suma importancia que el cumplimiento de las cargas se realice en los tiempos establecidos y con datos precisos, para facilitar el proceso de integraci\u00f3n de sistemas. <\/p>\n<p>  De esta forma, se permite cargar la inscripci\u00f3n, la trayectoria y hacer seguimiento del estudiante.<br \/>\n  Tras ingresar a la p\u00e1gina abc.gob.ar, se dispone de un video y un instructivo que explica el paso a paso para la debida carga de los datos.<\/p>\n<p>Si esta incorporaci\u00f3n de informaci\u00f3n sobre un alumno no fue realizada, o se llev\u00f3 a cabo en forma incorrecta, cuando el estudiante quiera efectuar el registro en el formulario de pre-inscripci\u00f3n en la p\u00e1gina web del Ministerio de Transporte para la tarjeta Sube, el sistema no se lo va a permitir.<\/p>\n<p>  Ante esta situaci\u00f3n, el alumno o padre deber\u00e1 concurrir a la escuela en la que est\u00e1 inscripto y ser\u00e1n los directivos quienes tendr\u00e1n que agregar sus datos o, bien, corregirlos en caso de que se hayan cargado con alg\u00fan error.<\/p>\n<p>  Vale aclarar que, sin embargo, los alumnos que est\u00e1n incorporados a la plataforma deber\u00e1n validar la SUBE en las terminales de colectivo correspondientes para lograr el boleto estudiantil.<\/p>\n<p>  En tanto, la correcta carga en Mis Alumnos tambi\u00e9n servir\u00e1 para la certificaci\u00f3n de la Asignaci\u00f3n Universal por Hijo ya que es el sistema el que refrenda regularidad del alumno para que ANSES otorgue el beneficio de manera autom\u00e1tica.<\/p>\n<p>  Para saber m\u00e1s, ingresar en la p\u00e1gina oficial de ANSES.<\/p>\n<p>Fuente: Diario El Norte<\/p>\n","protected":false},"excerpt":{"rendered":"<p>La Direcci\u00f3n General de Cultura y Educaci\u00f3n incorpor\u00f3 una plataforma en su p\u00e1gina web (ABC) denominada \u201cMIS ALUMNOS\u201d. En ella los directores deben cargar los datos de los alumnos que utilizan boleto estudiantil como primer paso para que el estudiante pueda efectuar el registro en el formulario de pre-inscripci\u00f3n en la p\u00e1gina web del Ministerio [&hellip;]<\/p>\n","protected":false},"author":4,"featured_media":30543,"comment_status":"open","ping_status":"closed","sticky":false,"template":"","format":"standard","meta":{"om_disable_all_campaigns":false,"_jetpack_memberships_contains_paid_content":false,"footnotes":""},"categories":[621],"tags":[],"class_list":["post-30539","post","type-post","status-publish","format-standard","has-post-thumbnail","hentry","category-regionales"],"aioseo_notices":[],"gutentor_comment":0,"jetpack_featured_media_url":"https:\/\/eldiariodesanpedro.com.ar\/sitio\/wp-content\/uploads\/2018\/03\/boleto-estudiantil-estudiantes-colectivo.jpg","jetpack_shortlink":"https:\/\/wp.me\/p6RhLt-7Wz","jetpack_sharing_enabled":true,"_links":{"self":[{"href":"https:\/\/eldiariodesanpedro.com.ar\/sitio\/wp-json\/wp\/v2\/posts\/30539","targetHints":{"allow":["GET"]}}],"collection":[{"href":"https:\/\/eldiariodesanpedro.com.ar\/sitio\/wp-json\/wp\/v2\/posts"}],"about":[{"href":"https:\/\/eldiariodesanpedro.com.ar\/sitio\/wp-json\/wp\/v2\/types\/post"}],"author":[{"embeddable":true,"href":"https:\/\/eldiariodesanpedro.com.ar\/sitio\/wp-json\/wp\/v2\/users\/4"}],"replies":[{"embeddable":true,"href":"https:\/\/eldiariodesanpedro.com.ar\/sitio\/wp-json\/wp\/v2\/comments?post=30539"}],"version-history":[{"count":1,"href":"https:\/\/eldiariodesanpedro.com.ar\/sitio\/wp-json\/wp\/v2\/posts\/30539\/revisions"}],"predecessor-version":[{"id":30545,"href":"https:\/\/eldiariodesanpedro.com.ar\/sitio\/wp-json\/wp\/v2\/posts\/30539\/revisions\/30545"}],"wp:featuredmedia":[{"embeddable":true,"href":"https:\/\/eldiariodesanpedro.com.ar\/sitio\/wp-json\/wp\/v2\/media\/30543"}],"wp:attachment":[{"href":"https:\/\/eldiariodesanpedro.com.ar\/sitio\/wp-json\/wp\/v2\/media?parent=30539"}],"wp:term":[{"taxonomy":"category","embeddable":true,"href":"https:\/\/eldiariodesanpedro.com.ar\/sitio\/wp-json\/wp\/v2\/categories?post=30539"},{"taxonomy":"post_tag","embeddable":true,"href":"https:\/\/eldiariodesanpedro.com.ar\/sitio\/wp-json\/wp\/v2\/tags?post=30539"}],"curies":[{"name":"wp","href":"https:\/\/api.w.org\/{rel}","templated":true}]}}