{"id":30538,"date":"2018-03-19T20:57:43","date_gmt":"2018-03-19T23:57:43","guid":{"rendered":"https:\/\/eldiariodesanpedro.com.ar\/sitio\/?p=30538"},"modified":"2018-03-19T20:57:43","modified_gmt":"2018-03-19T23:57:43","slug":"san-antonio-de-areco-fuerte-impacto-entre-dos-vehiculos-en-ruta-nacional-8","status":"publish","type":"post","link":"https:\/\/eldiariodesanpedro.com.ar\/sitio\/san-antonio-de-areco-fuerte-impacto-entre-dos-vehiculos-en-ruta-nacional-8\/","title":{"rendered":"SAN ANTONIO DE ARECO: Fuerte impacto entre dos veh\u00edculos en Ruta Nacional 8"},"content":{"rendered":"<p><!-- VideographyWP Plugin Message: Automatic video embedding prevented by plugin options. --><br \/>\n  En la ma\u00f1ana del domingo, cerca de las 6.30 hs, se produjo un fuerte impacto entre dos veh\u00edculos en la Ruta Nacional 8, Km 113. A\u00fan se est\u00e1 tratando de establecer qu\u00e9 fue lo que sucedi\u00f3.<\/p>\n<p>  El accidente, protagonizado por un autom\u00f3vil rojo conducido por Carlos Ra\u00fal Conrada Rivarola de 43 a\u00f1os, oriundo de San Antonio de Areco; y un veh\u00edculo gris con una familia de Capit\u00e1n Sarmiento, dej\u00f3 como consecuencia que todos debieran ser trasladados a centros de salud para recibir asistencia m\u00e9dica.<\/p>\n<p>  Carlos Ra\u00fal Conrada Rivarola, internado en el Hospital Zerboni, tiene fracturas y un golpe en la cabeza. Mientras que la familia de la vecina localidad se encuentra fuera de peligro, con golpes fuertes y un menor de 5 a\u00f1os fue derivado al Hospital Austral para observaci\u00f3n por traumatismo, se encuentra estable.<\/p>\n<p>Fuente: Bosco Producciones<\/p>\n","protected":false},"excerpt":{"rendered":"<p>En la ma\u00f1ana del domingo, cerca de las 6.30 hs, se produjo un fuerte impacto entre dos veh\u00edculos en la Ruta Nacional 8, Km 113. A\u00fan se est\u00e1 tratando de establecer qu\u00e9 fue lo que sucedi\u00f3. El accidente, protagonizado por un autom\u00f3vil rojo conducido por Carlos Ra\u00fal Conrada Rivarola de 43 a\u00f1os, oriundo de San [&hellip;]<\/p>\n","protected":false},"author":4,"featured_media":30542,"comment_status":"open","ping_status":"closed","sticky":false,"template":"","format":"standard","meta":{"om_disable_all_campaigns":false,"_jetpack_memberships_contains_paid_content":false,"footnotes":""},"categories":[621],"tags":[],"class_list":["post-30538","post","type-post","status-publish","format-standard","has-post-thumbnail","hentry","category-regionales"],"aioseo_notices":[],"gutentor_comment":0,"jetpack_featured_media_url":"https:\/\/eldiariodesanpedro.com.ar\/sitio\/wp-content\/uploads\/2018\/03\/san-antonio-de-areco-accidente-entre-dos-veh\u00edculos-en-Ruta-Nacional-8.jpeg","jetpack_shortlink":"https:\/\/wp.me\/p6RhLt-7Wy","jetpack_sharing_enabled":true,"_links":{"self":[{"href":"https:\/\/eldiariodesanpedro.com.ar\/sitio\/wp-json\/wp\/v2\/posts\/30538","targetHints":{"allow":["GET"]}}],"collection":[{"href":"https:\/\/eldiariodesanpedro.com.ar\/sitio\/wp-json\/wp\/v2\/posts"}],"about":[{"href":"https:\/\/eldiariodesanpedro.com.ar\/sitio\/wp-json\/wp\/v2\/types\/post"}],"author":[{"embeddable":true,"href":"https:\/\/eldiariodesanpedro.com.ar\/sitio\/wp-json\/wp\/v2\/users\/4"}],"replies":[{"embeddable":true,"href":"https:\/\/eldiariodesanpedro.com.ar\/sitio\/wp-json\/wp\/v2\/comments?post=30538"}],"version-history":[{"count":1,"href":"https:\/\/eldiariodesanpedro.com.ar\/sitio\/wp-json\/wp\/v2\/posts\/30538\/revisions"}],"predecessor-version":[{"id":30544,"href":"https:\/\/eldiariodesanpedro.com.ar\/sitio\/wp-json\/wp\/v2\/posts\/30538\/revisions\/30544"}],"wp:featuredmedia":[{"embeddable":true,"href":"https:\/\/eldiariodesanpedro.com.ar\/sitio\/wp-json\/wp\/v2\/media\/30542"}],"wp:attachment":[{"href":"https:\/\/eldiariodesanpedro.com.ar\/sitio\/wp-json\/wp\/v2\/media?parent=30538"}],"wp:term":[{"taxonomy":"category","embeddable":true,"href":"https:\/\/eldiariodesanpedro.com.ar\/sitio\/wp-json\/wp\/v2\/categories?post=30538"},{"taxonomy":"post_tag","embeddable":true,"href":"https:\/\/eldiariodesanpedro.com.ar\/sitio\/wp-json\/wp\/v2\/tags?post=30538"}],"curies":[{"name":"wp","href":"https:\/\/api.w.org\/{rel}","templated":true}]}}