{"id":30537,"date":"2018-03-19T20:55:03","date_gmt":"2018-03-19T23:55:03","guid":{"rendered":"https:\/\/eldiariodesanpedro.com.ar\/sitio\/?p=30537"},"modified":"2018-03-19T20:55:03","modified_gmt":"2018-03-19T23:55:03","slug":"arrecifes-golpe-al-narcotrafico-en-todd","status":"publish","type":"post","link":"https:\/\/eldiariodesanpedro.com.ar\/sitio\/arrecifes-golpe-al-narcotrafico-en-todd\/","title":{"rendered":"ARRECIFES: Golpe al narcotr\u00e1fico en Todd"},"content":{"rendered":"<p><!-- VideographyWP Plugin Message: Automatic video embedding prevented by plugin options. --><br \/>\nLa Secretar\u00eda de Seguridad P\u00fablica de la Municipalidad de Arrecifes, a cargo del Dr. Jos\u00e9 Mar\u00eda Tenorio, informa que fuerzas policiales dieron este viernes un duro golpe al narcotr\u00e1fico en la localidad de Todd.<\/p>\n<p>  En octubre del 2017 la Delegaci\u00f3n de Investigaciones de Drogas Il\u00edcitas y Crimen Organizado, comandada por el comisario mayor arrecife\u00f1o Carlos Demaestri, inici\u00f3 las investigaciones ante versiones de que en Todd, en avenida San Mart\u00edn, una persona de sexo femenino apodada \u201cLa Flaca\u201d se dedicar\u00eda a la venta de material estupefaciente al menudeo, junto a un vecino domiciliado en una casa contigua, situaci\u00f3n que se ve\u00eda agravada porque el delito se comet\u00eda frente a la escuela y al club social de esa localidad.<\/p>\n<p>  Se dio intervenci\u00f3n a la UFI 1 de San Nicol\u00e1s, recayendo lo actuado en el turno de la Dra. Mar\u00eda Ver\u00f3nica Marcantonio, quien dispuso la realizaci\u00f3n de tareas investigativas a los fines de comprobar la real existencia de los delitos denunciados.<\/p>\n<p>  Dichas diligencias fueron realizadas por el personal de la Delegaci\u00f3n de Investigaciones de Drogas Il\u00edcitas y Crimen Organizado San Nicol\u00e1s, a cargo de Demaestri, logr\u00e1ndose recolectar numerosos elementos de prueba que llevaron a la agente fiscal a requerir dos allanamientos en los domicilios de Av. San Mart\u00edn de Todd.<\/p>\n<p>  Los procedimientos, en los que colaboraron personal de la Comisar\u00eda de Arrecifes y del Destacamento Todd, se realizaron pasadas las 20:00 del \u00faltimo viernes, logr\u00e1ndose secuestrar en el domicilio de la investigada, Liliana Magall\u00e1n (45), una importante suma de dinero, celulares y 450 gramos de marihuana compacta, quedando la misma detenida por tenencia de estupefacientes con fines de comercializaci\u00f3n y siendo trasladada a San Nicol\u00e1s a fines prestar declaraci\u00f3n indagatoria ante la fiscal.<\/p>\n<p>Fuente: Arrecifes Noticias<\/p>\n","protected":false},"excerpt":{"rendered":"<p>La Secretar\u00eda de Seguridad P\u00fablica de la Municipalidad de Arrecifes, a cargo del Dr. Jos\u00e9 Mar\u00eda Tenorio, informa que fuerzas policiales dieron este viernes un duro golpe al narcotr\u00e1fico en la localidad de Todd. En octubre del 2017 la Delegaci\u00f3n de Investigaciones de Drogas Il\u00edcitas y Crimen Organizado, comandada por el comisario mayor arrecife\u00f1o Carlos [&hellip;]<\/p>\n","protected":false},"author":4,"featured_media":30540,"comment_status":"open","ping_status":"closed","sticky":false,"template":"","format":"standard","meta":{"om_disable_all_campaigns":false,"_jetpack_memberships_contains_paid_content":false,"footnotes":""},"categories":[621],"tags":[],"class_list":["post-30537","post","type-post","status-publish","format-standard","has-post-thumbnail","hentry","category-regionales"],"aioseo_notices":[],"gutentor_comment":0,"jetpack_featured_media_url":"https:\/\/eldiariodesanpedro.com.ar\/sitio\/wp-content\/uploads\/2018\/03\/Elementos-secuestrados.jpg","jetpack_shortlink":"https:\/\/wp.me\/p6RhLt-7Wx","jetpack_sharing_enabled":true,"_links":{"self":[{"href":"https:\/\/eldiariodesanpedro.com.ar\/sitio\/wp-json\/wp\/v2\/posts\/30537","targetHints":{"allow":["GET"]}}],"collection":[{"href":"https:\/\/eldiariodesanpedro.com.ar\/sitio\/wp-json\/wp\/v2\/posts"}],"about":[{"href":"https:\/\/eldiariodesanpedro.com.ar\/sitio\/wp-json\/wp\/v2\/types\/post"}],"author":[{"embeddable":true,"href":"https:\/\/eldiariodesanpedro.com.ar\/sitio\/wp-json\/wp\/v2\/users\/4"}],"replies":[{"embeddable":true,"href":"https:\/\/eldiariodesanpedro.com.ar\/sitio\/wp-json\/wp\/v2\/comments?post=30537"}],"version-history":[{"count":1,"href":"https:\/\/eldiariodesanpedro.com.ar\/sitio\/wp-json\/wp\/v2\/posts\/30537\/revisions"}],"predecessor-version":[{"id":30541,"href":"https:\/\/eldiariodesanpedro.com.ar\/sitio\/wp-json\/wp\/v2\/posts\/30537\/revisions\/30541"}],"wp:featuredmedia":[{"embeddable":true,"href":"https:\/\/eldiariodesanpedro.com.ar\/sitio\/wp-json\/wp\/v2\/media\/30540"}],"wp:attachment":[{"href":"https:\/\/eldiariodesanpedro.com.ar\/sitio\/wp-json\/wp\/v2\/media?parent=30537"}],"wp:term":[{"taxonomy":"category","embeddable":true,"href":"https:\/\/eldiariodesanpedro.com.ar\/sitio\/wp-json\/wp\/v2\/categories?post=30537"},{"taxonomy":"post_tag","embeddable":true,"href":"https:\/\/eldiariodesanpedro.com.ar\/sitio\/wp-json\/wp\/v2\/tags?post=30537"}],"curies":[{"name":"wp","href":"https:\/\/api.w.org\/{rel}","templated":true}]}}