{"id":30533,"date":"2018-03-19T20:47:49","date_gmt":"2018-03-19T23:47:49","guid":{"rendered":"https:\/\/eldiariodesanpedro.com.ar\/sitio\/?p=30533"},"modified":"2018-03-19T20:47:49","modified_gmt":"2018-03-19T23:47:49","slug":"duro-informe-sobre-el-intendente-cecilio-salazar","status":"publish","type":"post","link":"https:\/\/eldiariodesanpedro.com.ar\/sitio\/duro-informe-sobre-el-intendente-cecilio-salazar\/","title":{"rendered":"Duro informe sobre el Intendente Cecilio Salazar"},"content":{"rendered":"<p><!-- VideographyWP Plugin Message: Automatic video embedding prevented by plugin options. --><br \/>\n\u00abAyer sindicalista, hoy intendente de Macri\u00bb as\u00ed titulaba el graph del programa de investigaci\u00f3n ADN Periodismo Federal que se emite cada domingo en el canal de noticias C5N. Realizaron un informe sobre el negocio de los sindicatos con Cambiemos, en uno de ellos se habl\u00f3 sobre el fallecido Ger\u00f3nimo \u00abMomo\u00bb Venegas y, se involucr\u00f3 al Intendente Cecilio Salazar con la mafia de los medicamentos.<\/p>\n<p>  El programa ADN Periodismo Federal que se transmite por la pantalla de C5N todos los domingos y es conducido por Tom\u00e1s M\u00e9ndez y Miguel Ponce de Le\u00f3n realiz\u00f3 una investigaci\u00f3n sobre los sindicatos afines al Gobierno, es por eso que uno de los informes era sobre el fallecido exsecretario de UATRE Ger\u00f3nimo \u00abMomo\u00bb Venegas quien, adem\u00e1s, era \u00edntimo amigo del Intendente Salazar. <\/p>\n<p>  Durante el programa hablaron sobre el supuesto enriquecimiento il\u00edcito del ex gremialista y personas de su entorno. Tambi\u00e9n, nombraron al Jefe Comunal de nuestra ciudad por la investigaci\u00f3n de la mafia de los medicamentos.<br \/>\n  Todo comienza con la palabra de Graciela Oca\u00f1a, actual diputada nacional del interbloque Cambiemos, en una cena en el programa de Mirta Legrand, donde ella asegura haber renunciado a su cargo de Ministro de Salud de la Naci\u00f3n durante el mandato de la ex presidente Cristina Fern\u00e1ndez de Kirchner, por descubrir irregularidades con los medicamentos.<\/p>\n<p>  Este fue el puntapi\u00e9 para que el conductor del programa comentara \u00abQueda claro que Graciela Oca\u00f1a se fue del espacio kirchnerista porque la ex presidente hab\u00eda habilitado la mafia de los medicamentos\u00bb; y, en ese momento se puede ver en la pantalla el d\u00eda de la victoria como intendente de Salazar en una nota de los colegas de Visi\u00f3n Regional. Luego, el conductor contin\u00faa leyendo el titular y la nota de otro medio period\u00edstico (citado) donde dice \u00abMafia de los medicamentos: El Momo Venegas y un intendente PRO investigados, el gremialista favorito de Mauricio Macri y pe\u00f3n rural. El gremialista Ger\u00f3nimo Venegas est\u00e1 investigado por la mafia de los medicamentos, la investigaci\u00f3n tambi\u00e9n recae en el intendente de San Pedro, Cecilio Salazar\u00bb. <\/p>\n<p>  Entonces, el conductor comenta: \u00abAvisale a Oca\u00f1a que hay un tipo de la mafia de los medicamentos junto a ella, se fue del kirchnerismo porque eran mafiosos por los medicamentos. Av\u00edsenle que Cambiemos tiene la misma situaci\u00f3n, eliminemos los mafiosos Graciela, pero eliminemos los mafiosos en serio\u00bb.<\/p>\n<p>  Como dato, tambi\u00e9n mostraron el momento de la asunci\u00f3n de Salazar donde agradece el acompa\u00f1amiento de Venegas y aclara que llevan m\u00e1s de media vida juntos trabajando en UATRE y en OSPRERA.<\/p>\n<p>  Explicaron, adem\u00e1s, la causa donde el Intendente Cecilio Salazar es investigado, explicando que nuestro Jefe Comunal ser\u00eda el \u00abIntendente del Momo Venegas\u00bb. Y, se aclara en el informe que, las causas donde integrantes de Cambiemos est\u00e1n involucrados \u2018nunca avanzan y terminan teniendo un claro doble discurso\u2019, as\u00ed lo asegur\u00f3 Miguel Ponce, el otro conductor del programa.<\/p>\n<p>  Para finalizar, reprodujeron el discurso de Salazar en el acto por los 10 a\u00f1os de la 125, llevado a cabo unas semanas atr\u00e1s, donde tratan de mostrar que nuestro Intendente est\u00e1 acompa\u00f1ado por Elisa Carri\u00f3, actual Diputada Nacional y el Ministro de Agroindustria Luis Etchevehere, ambos pertenecientes a Cambiemos. El graph para este momento fue: \u00abCarri\u00f3 en el escenario, con un imputado por la MAFIA DE LOS MEDICAMENTOS\u00bb.  <\/p>\n","protected":false},"excerpt":{"rendered":"<p>\u00abAyer sindicalista, hoy intendente de Macri\u00bb as\u00ed titulaba el graph del programa de investigaci\u00f3n ADN Periodismo Federal que se emite cada domingo en el canal de noticias C5N. Realizaron un informe sobre el negocio de los sindicatos con Cambiemos, en uno de ellos se habl\u00f3 sobre el fallecido Ger\u00f3nimo \u00abMomo\u00bb Venegas y, se involucr\u00f3 al [&hellip;]<\/p>\n","protected":false},"author":4,"featured_media":30535,"comment_status":"open","ping_status":"closed","sticky":false,"template":"","format":"standard","meta":{"om_disable_all_campaigns":false,"_jetpack_memberships_contains_paid_content":false,"footnotes":""},"categories":[2,102],"tags":[],"class_list":["post-30533","post","type-post","status-publish","format-standard","has-post-thumbnail","hentry","category-locales","category-politica-locales"],"aioseo_notices":[],"gutentor_comment":0,"jetpack_featured_media_url":"https:\/\/eldiariodesanpedro.com.ar\/sitio\/wp-content\/uploads\/2018\/03\/El-programa-emitido.jpg","jetpack_shortlink":"https:\/\/wp.me\/p6RhLt-7Wt","jetpack_sharing_enabled":true,"_links":{"self":[{"href":"https:\/\/eldiariodesanpedro.com.ar\/sitio\/wp-json\/wp\/v2\/posts\/30533","targetHints":{"allow":["GET"]}}],"collection":[{"href":"https:\/\/eldiariodesanpedro.com.ar\/sitio\/wp-json\/wp\/v2\/posts"}],"about":[{"href":"https:\/\/eldiariodesanpedro.com.ar\/sitio\/wp-json\/wp\/v2\/types\/post"}],"author":[{"embeddable":true,"href":"https:\/\/eldiariodesanpedro.com.ar\/sitio\/wp-json\/wp\/v2\/users\/4"}],"replies":[{"embeddable":true,"href":"https:\/\/eldiariodesanpedro.com.ar\/sitio\/wp-json\/wp\/v2\/comments?post=30533"}],"version-history":[{"count":1,"href":"https:\/\/eldiariodesanpedro.com.ar\/sitio\/wp-json\/wp\/v2\/posts\/30533\/revisions"}],"predecessor-version":[{"id":30536,"href":"https:\/\/eldiariodesanpedro.com.ar\/sitio\/wp-json\/wp\/v2\/posts\/30533\/revisions\/30536"}],"wp:featuredmedia":[{"embeddable":true,"href":"https:\/\/eldiariodesanpedro.com.ar\/sitio\/wp-json\/wp\/v2\/media\/30535"}],"wp:attachment":[{"href":"https:\/\/eldiariodesanpedro.com.ar\/sitio\/wp-json\/wp\/v2\/media?parent=30533"}],"wp:term":[{"taxonomy":"category","embeddable":true,"href":"https:\/\/eldiariodesanpedro.com.ar\/sitio\/wp-json\/wp\/v2\/categories?post=30533"},{"taxonomy":"post_tag","embeddable":true,"href":"https:\/\/eldiariodesanpedro.com.ar\/sitio\/wp-json\/wp\/v2\/tags?post=30533"}],"curies":[{"name":"wp","href":"https:\/\/api.w.org\/{rel}","templated":true}]}}