{"id":30525,"date":"2018-03-19T20:46:19","date_gmt":"2018-03-19T23:46:19","guid":{"rendered":"https:\/\/eldiariodesanpedro.com.ar\/sitio\/?p=30525"},"modified":"2018-03-19T20:46:19","modified_gmt":"2018-03-19T23:46:19","slug":"creando-conciencia-en-diabetes-2018","status":"publish","type":"post","link":"https:\/\/eldiariodesanpedro.com.ar\/sitio\/creando-conciencia-en-diabetes-2018\/","title":{"rendered":"Creando Conciencia en Diabetes 2018"},"content":{"rendered":"<p><!-- VideographyWP Plugin Message: Automatic video embedding prevented by plugin options. --><br \/>\n  El 28 de marzo a las 9.00 hs. se realizar\u00e1 la presentaci\u00f3n del programa Creando Conciencia 2018 (educaci\u00f3n para pacientes diab\u00e9ticos y sus familiares) en el sal\u00f3n de usos m\u00faltiples del CIC (Hermano Indio y Casella), el cual estar\u00e1 coordinado por la Dra. Dotti.<\/p>\n<p>28 de marzo: Apertura del Programa con las pacientes diab\u00e9ticos y evaluaci\u00f3n.<br \/>\n04 de abril: Generalidades en aspectos cl\u00ednicos.<br \/>\n18 de abril: Generalidades en aspectos de nutrici\u00f3n.<br \/>\n02 de mayo: T\u00e9cnicas de aplicaci\u00f3n y Monitoreo.<br \/>\n16 de mayo: Estandarizaci\u00f3n de porciones.<br \/>\n30 de mayo: Hipoglucemia.<br \/>\n13 de junio: Casos cl\u00ednicos integradores.<br \/>\n27 de junio: Festejos cumplea\u00f1os primer trimestre.<\/p>\n","protected":false},"excerpt":{"rendered":"<p>El 28 de marzo a las 9.00 hs. se realizar\u00e1 la presentaci\u00f3n del programa Creando Conciencia 2018 (educaci\u00f3n para pacientes diab\u00e9ticos y sus familiares) en el sal\u00f3n de usos m\u00faltiples del CIC (Hermano Indio y Casella), el cual estar\u00e1 coordinado por la Dra. Dotti. 28 de marzo: Apertura del Programa con las pacientes diab\u00e9ticos y [&hellip;]<\/p>\n","protected":false},"author":4,"featured_media":30532,"comment_status":"open","ping_status":"closed","sticky":false,"template":"","format":"standard","meta":{"om_disable_all_campaigns":false,"_jetpack_memberships_contains_paid_content":false,"footnotes":""},"categories":[101,2],"tags":[],"class_list":["post-30525","post","type-post","status-publish","format-standard","has-post-thumbnail","hentry","category-interes-general-locales","category-locales"],"aioseo_notices":[],"gutentor_comment":0,"jetpack_featured_media_url":"https:\/\/eldiariodesanpedro.com.ar\/sitio\/wp-content\/uploads\/2018\/03\/analisis-diabetes.jpg","jetpack_shortlink":"https:\/\/wp.me\/p6RhLt-7Wl","jetpack_sharing_enabled":true,"_links":{"self":[{"href":"https:\/\/eldiariodesanpedro.com.ar\/sitio\/wp-json\/wp\/v2\/posts\/30525","targetHints":{"allow":["GET"]}}],"collection":[{"href":"https:\/\/eldiariodesanpedro.com.ar\/sitio\/wp-json\/wp\/v2\/posts"}],"about":[{"href":"https:\/\/eldiariodesanpedro.com.ar\/sitio\/wp-json\/wp\/v2\/types\/post"}],"author":[{"embeddable":true,"href":"https:\/\/eldiariodesanpedro.com.ar\/sitio\/wp-json\/wp\/v2\/users\/4"}],"replies":[{"embeddable":true,"href":"https:\/\/eldiariodesanpedro.com.ar\/sitio\/wp-json\/wp\/v2\/comments?post=30525"}],"version-history":[{"count":1,"href":"https:\/\/eldiariodesanpedro.com.ar\/sitio\/wp-json\/wp\/v2\/posts\/30525\/revisions"}],"predecessor-version":[{"id":30534,"href":"https:\/\/eldiariodesanpedro.com.ar\/sitio\/wp-json\/wp\/v2\/posts\/30525\/revisions\/30534"}],"wp:featuredmedia":[{"embeddable":true,"href":"https:\/\/eldiariodesanpedro.com.ar\/sitio\/wp-json\/wp\/v2\/media\/30532"}],"wp:attachment":[{"href":"https:\/\/eldiariodesanpedro.com.ar\/sitio\/wp-json\/wp\/v2\/media?parent=30525"}],"wp:term":[{"taxonomy":"category","embeddable":true,"href":"https:\/\/eldiariodesanpedro.com.ar\/sitio\/wp-json\/wp\/v2\/categories?post=30525"},{"taxonomy":"post_tag","embeddable":true,"href":"https:\/\/eldiariodesanpedro.com.ar\/sitio\/wp-json\/wp\/v2\/tags?post=30525"}],"curies":[{"name":"wp","href":"https:\/\/api.w.org\/{rel}","templated":true}]}}