{"id":30524,"date":"2018-03-19T20:44:31","date_gmt":"2018-03-19T23:44:31","guid":{"rendered":"https:\/\/eldiariodesanpedro.com.ar\/sitio\/?p=30524"},"modified":"2018-03-19T20:44:31","modified_gmt":"2018-03-19T23:44:31","slug":"se-firmo-en-la-ciudad-de-la-plata-el-protocolo-de-trabajo-no-2-con-arba-para-el-ano-2018","status":"publish","type":"post","link":"https:\/\/eldiariodesanpedro.com.ar\/sitio\/se-firmo-en-la-ciudad-de-la-plata-el-protocolo-de-trabajo-no-2-con-arba-para-el-ano-2018\/","title":{"rendered":"Se firm\u00f3 en la Ciudad de La Plata el \u00abProtocolo de trabajo N\u00ba 2\u00bb con ARBA para el a\u00f1o 2018"},"content":{"rendered":"<p><!-- VideographyWP Plugin Message: Automatic video embedding prevented by plugin options. --><br \/>\n  El mi\u00e9rcoles 14 del corriente se firm\u00f3 en la Ciudad de La Plata el PROTOCOLO DE TRABAJO N\u00b02 con ARBA para el a\u00f1o 2018.<\/p>\n<p><em>  Los objetivos del protocolo de trabajo son los siguientes:<\/em><\/p>\n<p>-Trabajar juntos (ARBA y Municipios), en equipo, haciendo valer el di\u00e1logo, la transparencia y poniendo en el centro de la escena todos los lazos que unen a la Provincia con cada municipio. Con el compromiso de saber que, tras el \u00e9xito de nuestras acciones habr\u00e1 una mejora en marcha para nuestros vecinos.<br \/>\n-Recrear el \u00e1mbito de colaboraci\u00f3n, consulta y asistencia tributaria con cada Municipio.<br \/>\n-Desarrollar acciones conjuntas de fiscalizaci\u00f3n, recaudaci\u00f3n y servicios a los contribuyentes.<br \/>\n-Generar sinergias y optimizar recursos.<\/p>\n<p>  Estas herramientas le permiten al municipio fiscalizar todo lo que respecta a contribuyentes en general y, en particular, lo que se refiere a Catastro, optimizando al m\u00e1ximo los recursos propios, generando mapas de calor de cobrabilidad por tasa, de prestaci\u00f3n de servicios, de distribuci\u00f3n de actividad comercial, metros construidos no declarados y muchas m\u00e1s herramientas y acciones conjuntas para optimizar la recaudaci\u00f3n propia.<\/p>\n<p><em>  Adem\u00e1s de informamos a los contribuyentes que:<\/em><\/p>\n<p><strong>Vencimientos de Marzo<\/strong><br \/>\nServicio Sanitario por Valuaci\u00f3n (cuota 2\/2018).<br \/>\nServicio Sanitario Medido (cuota 3\/2018).<br \/>\nSeguridad e Higiene IIBB (1\/2018).<br \/>\nSeguridad e Higiene IIBB (2\/2018)<br \/>\nRed Vial (Cuota 1\/2018)<br \/>\nUso y ocupaci\u00f3n de espacio p\u00fablico (cuota 3\/2018)<br \/>\nConvenios de Pago no asociados.<br \/>\nMoratorias Ord. 6111 no asociados.<\/p>\n<p>  Se encuentra disponible el libro de reclamos, quejas y oportunidades de mejoras, donde los ciudadanos podr\u00e1n exponer y proponer lo que crean conveniente para mejorar o innovar en temas relacionados al \u00c1rea de Rentas. Los mismos se encuentran en Planta Alta en la Oficina de Comercio y en Planta Baja en el sector de cajas.<\/p>\n<p>  Tambi\u00e9n pueden canalizarse dudas y\/o consultas relacionadas con el \u00e1rea de Rentas por correo electr\u00f3nico a atencionalcontribuyente@sanpedro.gob.ar.<\/p>\n<p>  Se encuentran disponibles las facturas electr\u00f3nicas de ABL, Servicios Sanitarios.<\/p>\n<p>El Municipio se encuentra adherido al pago de sus facturas con Tarjeta de D\u00e9bito VISA, MASTERCARD Y MAESTRO<\/p>\n","protected":false},"excerpt":{"rendered":"<p>El mi\u00e9rcoles 14 del corriente se firm\u00f3 en la Ciudad de La Plata el PROTOCOLO DE TRABAJO N\u00b02 con ARBA para el a\u00f1o 2018. Los objetivos del protocolo de trabajo son los siguientes: -Trabajar juntos (ARBA y Municipios), en equipo, haciendo valer el di\u00e1logo, la transparencia y poniendo en el centro de la escena todos [&hellip;]<\/p>\n","protected":false},"author":4,"featured_media":30529,"comment_status":"open","ping_status":"closed","sticky":false,"template":"","format":"standard","meta":{"om_disable_all_campaigns":false,"_jetpack_memberships_contains_paid_content":false,"footnotes":""},"categories":[101,2],"tags":[],"class_list":["post-30524","post","type-post","status-publish","format-standard","has-post-thumbnail","hentry","category-interes-general-locales","category-locales"],"aioseo_notices":[],"gutentor_comment":0,"jetpack_featured_media_url":"https:\/\/eldiariodesanpedro.com.ar\/sitio\/wp-content\/uploads\/2018\/03\/municipalidad-rentas.jpg","jetpack_shortlink":"https:\/\/wp.me\/p6RhLt-7Wk","jetpack_sharing_enabled":true,"_links":{"self":[{"href":"https:\/\/eldiariodesanpedro.com.ar\/sitio\/wp-json\/wp\/v2\/posts\/30524","targetHints":{"allow":["GET"]}}],"collection":[{"href":"https:\/\/eldiariodesanpedro.com.ar\/sitio\/wp-json\/wp\/v2\/posts"}],"about":[{"href":"https:\/\/eldiariodesanpedro.com.ar\/sitio\/wp-json\/wp\/v2\/types\/post"}],"author":[{"embeddable":true,"href":"https:\/\/eldiariodesanpedro.com.ar\/sitio\/wp-json\/wp\/v2\/users\/4"}],"replies":[{"embeddable":true,"href":"https:\/\/eldiariodesanpedro.com.ar\/sitio\/wp-json\/wp\/v2\/comments?post=30524"}],"version-history":[{"count":1,"href":"https:\/\/eldiariodesanpedro.com.ar\/sitio\/wp-json\/wp\/v2\/posts\/30524\/revisions"}],"predecessor-version":[{"id":30531,"href":"https:\/\/eldiariodesanpedro.com.ar\/sitio\/wp-json\/wp\/v2\/posts\/30524\/revisions\/30531"}],"wp:featuredmedia":[{"embeddable":true,"href":"https:\/\/eldiariodesanpedro.com.ar\/sitio\/wp-json\/wp\/v2\/media\/30529"}],"wp:attachment":[{"href":"https:\/\/eldiariodesanpedro.com.ar\/sitio\/wp-json\/wp\/v2\/media?parent=30524"}],"wp:term":[{"taxonomy":"category","embeddable":true,"href":"https:\/\/eldiariodesanpedro.com.ar\/sitio\/wp-json\/wp\/v2\/categories?post=30524"},{"taxonomy":"post_tag","embeddable":true,"href":"https:\/\/eldiariodesanpedro.com.ar\/sitio\/wp-json\/wp\/v2\/tags?post=30524"}],"curies":[{"name":"wp","href":"https:\/\/api.w.org\/{rel}","templated":true}]}}