{"id":30517,"date":"2018-03-19T20:26:58","date_gmt":"2018-03-19T23:26:58","guid":{"rendered":"https:\/\/eldiariodesanpedro.com.ar\/sitio\/?p=30517"},"modified":"2018-03-19T20:26:58","modified_gmt":"2018-03-19T23:26:58","slug":"un-camion-cayo-desde-el-puente-del-arroyo-el-tala","status":"publish","type":"post","link":"https:\/\/eldiariodesanpedro.com.ar\/sitio\/un-camion-cayo-desde-el-puente-del-arroyo-el-tala\/","title":{"rendered":"Un cami\u00f3n cay\u00f3 desde el puente del Arroyo El Tala"},"content":{"rendered":"<p><!-- VideographyWP Plugin Message: Automatic video embedding prevented by plugin options. --><br \/>\n  En las primeras horas de la ma\u00f1ana de este lunes, los Bomberos Voluntarios de nuestra ciudad debieron hacerse presentes en el puente del Arroyo El Tala por la ca\u00edda de un cami\u00f3n.<\/p>\n<p>  Cerca de las 8.00 de la ma\u00f1ana los Bomberos debieron socorrer al conductor (un hombre mayor de edad) y acompa\u00f1ante (un menor de edad) de un cami\u00f3n Mercedes Benz que, cayeron al arroyo luego de perder el control del veh\u00edculo al salirse una rueda. Desde el puente cayeron directamente al Arroyo, quedado literalmente ruedas para arriba.<\/p>\n<p>  Afortunadamente, los dos ocupantes s\u00f3lo sufrieron heridas leves y fueron trasladados por la ambulancia del SAME a la Guardia del Hospital Emilio Ruffa donde fueron asistidos.<\/p>\n","protected":false},"excerpt":{"rendered":"<p>En las primeras horas de la ma\u00f1ana de este lunes, los Bomberos Voluntarios de nuestra ciudad debieron hacerse presentes en el puente del Arroyo El Tala por la ca\u00edda de un cami\u00f3n. Cerca de las 8.00 de la ma\u00f1ana los Bomberos debieron socorrer al conductor (un hombre mayor de edad) y acompa\u00f1ante (un menor de [&hellip;]<\/p>\n","protected":false},"author":4,"featured_media":30519,"comment_status":"open","ping_status":"closed","sticky":false,"template":"","format":"standard","meta":{"om_disable_all_campaigns":false,"_jetpack_memberships_contains_paid_content":false,"footnotes":""},"categories":[50,2,103],"tags":[],"class_list":["post-30517","post","type-post","status-publish","format-standard","has-post-thumbnail","hentry","category-destacadas","category-locales","category-policiales-locales"],"aioseo_notices":[],"gutentor_comment":0,"jetpack_featured_media_url":"https:\/\/eldiariodesanpedro.com.ar\/sitio\/wp-content\/uploads\/2018\/03\/Un-cami\u00f3n-cay\u00f3-desde-el-puente-del-Arroyo-El-Tala.jpeg","jetpack_shortlink":"https:\/\/wp.me\/p6RhLt-7Wd","jetpack_sharing_enabled":true,"_links":{"self":[{"href":"https:\/\/eldiariodesanpedro.com.ar\/sitio\/wp-json\/wp\/v2\/posts\/30517","targetHints":{"allow":["GET"]}}],"collection":[{"href":"https:\/\/eldiariodesanpedro.com.ar\/sitio\/wp-json\/wp\/v2\/posts"}],"about":[{"href":"https:\/\/eldiariodesanpedro.com.ar\/sitio\/wp-json\/wp\/v2\/types\/post"}],"author":[{"embeddable":true,"href":"https:\/\/eldiariodesanpedro.com.ar\/sitio\/wp-json\/wp\/v2\/users\/4"}],"replies":[{"embeddable":true,"href":"https:\/\/eldiariodesanpedro.com.ar\/sitio\/wp-json\/wp\/v2\/comments?post=30517"}],"version-history":[{"count":1,"href":"https:\/\/eldiariodesanpedro.com.ar\/sitio\/wp-json\/wp\/v2\/posts\/30517\/revisions"}],"predecessor-version":[{"id":30521,"href":"https:\/\/eldiariodesanpedro.com.ar\/sitio\/wp-json\/wp\/v2\/posts\/30517\/revisions\/30521"}],"wp:featuredmedia":[{"embeddable":true,"href":"https:\/\/eldiariodesanpedro.com.ar\/sitio\/wp-json\/wp\/v2\/media\/30519"}],"wp:attachment":[{"href":"https:\/\/eldiariodesanpedro.com.ar\/sitio\/wp-json\/wp\/v2\/media?parent=30517"}],"wp:term":[{"taxonomy":"category","embeddable":true,"href":"https:\/\/eldiariodesanpedro.com.ar\/sitio\/wp-json\/wp\/v2\/categories?post=30517"},{"taxonomy":"post_tag","embeddable":true,"href":"https:\/\/eldiariodesanpedro.com.ar\/sitio\/wp-json\/wp\/v2\/tags?post=30517"}],"curies":[{"name":"wp","href":"https:\/\/api.w.org\/{rel}","templated":true}]}}