{"id":30511,"date":"2018-03-19T20:25:27","date_gmt":"2018-03-19T23:25:27","guid":{"rendered":"https:\/\/eldiariodesanpedro.com.ar\/sitio\/?p=30511"},"modified":"2018-03-19T20:25:27","modified_gmt":"2018-03-19T23:25:27","slug":"un-nuevo-robo-en-zona-rural-de-rio-tala","status":"publish","type":"post","link":"https:\/\/eldiariodesanpedro.com.ar\/sitio\/un-nuevo-robo-en-zona-rural-de-rio-tala\/","title":{"rendered":"Un nuevo robo en zona rural de R\u00edo Tala"},"content":{"rendered":"<p><!-- VideographyWP Plugin Message: Automatic video embedding prevented by plugin options. --><br \/>\n  Un vecino de la localidad de R\u00edo Tala denunci\u00f3 que el pasado domingo, al llegar a su domicilio ubicado sobre calle Camelino y Sargento Cabral de nombrada localidad, constat\u00f3 que hab\u00edan violentado la puerta trasera de su vivienda, hab\u00edan ingresado y sustra\u00eddo una m\u00e1quina de cortar c\u00e9sped.<\/p>\n","protected":false},"excerpt":{"rendered":"<p>Un vecino de la localidad de R\u00edo Tala denunci\u00f3 que el pasado domingo, al llegar a su domicilio ubicado sobre calle Camelino y Sargento Cabral de nombrada localidad, constat\u00f3 que hab\u00edan violentado la puerta trasera de su vivienda, hab\u00edan ingresado y sustra\u00eddo una m\u00e1quina de cortar c\u00e9sped.<\/p>\n","protected":false},"author":4,"featured_media":23953,"comment_status":"open","ping_status":"closed","sticky":false,"template":"","format":"standard","meta":{"om_disable_all_campaigns":false,"_jetpack_memberships_contains_paid_content":false,"footnotes":""},"categories":[2,103],"tags":[],"class_list":["post-30511","post","type-post","status-publish","format-standard","has-post-thumbnail","hentry","category-locales","category-policiales-locales"],"aioseo_notices":[],"gutentor_comment":0,"jetpack_featured_media_url":"https:\/\/eldiariodesanpedro.com.ar\/sitio\/wp-content\/uploads\/2017\/10\/camioneta-policia.jpg","jetpack_shortlink":"https:\/\/wp.me\/p6RhLt-7W7","jetpack_sharing_enabled":true,"_links":{"self":[{"href":"https:\/\/eldiariodesanpedro.com.ar\/sitio\/wp-json\/wp\/v2\/posts\/30511","targetHints":{"allow":["GET"]}}],"collection":[{"href":"https:\/\/eldiariodesanpedro.com.ar\/sitio\/wp-json\/wp\/v2\/posts"}],"about":[{"href":"https:\/\/eldiariodesanpedro.com.ar\/sitio\/wp-json\/wp\/v2\/types\/post"}],"author":[{"embeddable":true,"href":"https:\/\/eldiariodesanpedro.com.ar\/sitio\/wp-json\/wp\/v2\/users\/4"}],"replies":[{"embeddable":true,"href":"https:\/\/eldiariodesanpedro.com.ar\/sitio\/wp-json\/wp\/v2\/comments?post=30511"}],"version-history":[{"count":1,"href":"https:\/\/eldiariodesanpedro.com.ar\/sitio\/wp-json\/wp\/v2\/posts\/30511\/revisions"}],"predecessor-version":[{"id":30518,"href":"https:\/\/eldiariodesanpedro.com.ar\/sitio\/wp-json\/wp\/v2\/posts\/30511\/revisions\/30518"}],"wp:featuredmedia":[{"embeddable":true,"href":"https:\/\/eldiariodesanpedro.com.ar\/sitio\/wp-json\/wp\/v2\/media\/23953"}],"wp:attachment":[{"href":"https:\/\/eldiariodesanpedro.com.ar\/sitio\/wp-json\/wp\/v2\/media?parent=30511"}],"wp:term":[{"taxonomy":"category","embeddable":true,"href":"https:\/\/eldiariodesanpedro.com.ar\/sitio\/wp-json\/wp\/v2\/categories?post=30511"},{"taxonomy":"post_tag","embeddable":true,"href":"https:\/\/eldiariodesanpedro.com.ar\/sitio\/wp-json\/wp\/v2\/tags?post=30511"}],"curies":[{"name":"wp","href":"https:\/\/api.w.org\/{rel}","templated":true}]}}