{"id":30510,"date":"2018-03-19T20:22:15","date_gmt":"2018-03-19T23:22:15","guid":{"rendered":"https:\/\/eldiariodesanpedro.com.ar\/sitio\/?p=30510"},"modified":"2018-03-19T20:22:15","modified_gmt":"2018-03-19T23:22:15","slug":"accidente-de-transito-sobre-ruta-9","status":"publish","type":"post","link":"https:\/\/eldiariodesanpedro.com.ar\/sitio\/accidente-de-transito-sobre-ruta-9\/","title":{"rendered":"Accidente de tr\u00e1nsito sobre Ruta 9"},"content":{"rendered":"<p><!-- VideographyWP Plugin Message: Automatic video embedding prevented by plugin options. --><br \/>\n  El domingo en horas de la tarde, alrededor de las 18:00 hs., se produjo un accidente de tr\u00e1nsito en la Ruta Nacional N 9, km 176, carril Buenos Aires-Rosario.<\/p>\n<p>  All\u00ed, un autom\u00f3vil Renault Clio despist\u00f3 y luego volc\u00f3. El rodado era conducido por una joven de 25 a\u00f1os y circulaba sin acompa\u00f1antes.<\/p>\n<p>  Como consecuencia del accidente, la conductora result\u00f3 lesionada y fue trasladada por la ambulancia del CEM a la Guardia del Hospital de nuestra localidad, donde recibi\u00f3 las primeras curaciones.   <\/p>\n","protected":false},"excerpt":{"rendered":"<p>El domingo en horas de la tarde, alrededor de las 18:00 hs., se produjo un accidente de tr\u00e1nsito en la Ruta Nacional N 9, km 176, carril Buenos Aires-Rosario. All\u00ed, un autom\u00f3vil Renault Clio despist\u00f3 y luego volc\u00f3. El rodado era conducido por una joven de 25 a\u00f1os y circulaba sin acompa\u00f1antes. Como consecuencia del [&hellip;]<\/p>\n","protected":false},"author":4,"featured_media":24578,"comment_status":"open","ping_status":"closed","sticky":false,"template":"","format":"standard","meta":{"om_disable_all_campaigns":false,"_jetpack_memberships_contains_paid_content":false,"footnotes":""},"categories":[2,103],"tags":[],"class_list":["post-30510","post","type-post","status-publish","format-standard","has-post-thumbnail","hentry","category-locales","category-policiales-locales"],"aioseo_notices":[],"gutentor_comment":0,"jetpack_featured_media_url":"https:\/\/eldiariodesanpedro.com.ar\/sitio\/wp-content\/uploads\/2017\/10\/guardia-hospital-local-san-pedro.jpg","jetpack_shortlink":"https:\/\/wp.me\/p6RhLt-7W6","jetpack_sharing_enabled":true,"_links":{"self":[{"href":"https:\/\/eldiariodesanpedro.com.ar\/sitio\/wp-json\/wp\/v2\/posts\/30510","targetHints":{"allow":["GET"]}}],"collection":[{"href":"https:\/\/eldiariodesanpedro.com.ar\/sitio\/wp-json\/wp\/v2\/posts"}],"about":[{"href":"https:\/\/eldiariodesanpedro.com.ar\/sitio\/wp-json\/wp\/v2\/types\/post"}],"author":[{"embeddable":true,"href":"https:\/\/eldiariodesanpedro.com.ar\/sitio\/wp-json\/wp\/v2\/users\/4"}],"replies":[{"embeddable":true,"href":"https:\/\/eldiariodesanpedro.com.ar\/sitio\/wp-json\/wp\/v2\/comments?post=30510"}],"version-history":[{"count":2,"href":"https:\/\/eldiariodesanpedro.com.ar\/sitio\/wp-json\/wp\/v2\/posts\/30510\/revisions"}],"predecessor-version":[{"id":30515,"href":"https:\/\/eldiariodesanpedro.com.ar\/sitio\/wp-json\/wp\/v2\/posts\/30510\/revisions\/30515"}],"wp:featuredmedia":[{"embeddable":true,"href":"https:\/\/eldiariodesanpedro.com.ar\/sitio\/wp-json\/wp\/v2\/media\/24578"}],"wp:attachment":[{"href":"https:\/\/eldiariodesanpedro.com.ar\/sitio\/wp-json\/wp\/v2\/media?parent=30510"}],"wp:term":[{"taxonomy":"category","embeddable":true,"href":"https:\/\/eldiariodesanpedro.com.ar\/sitio\/wp-json\/wp\/v2\/categories?post=30510"},{"taxonomy":"post_tag","embeddable":true,"href":"https:\/\/eldiariodesanpedro.com.ar\/sitio\/wp-json\/wp\/v2\/tags?post=30510"}],"curies":[{"name":"wp","href":"https:\/\/api.w.org\/{rel}","templated":true}]}}