{"id":30509,"date":"2018-03-19T20:22:12","date_gmt":"2018-03-19T23:22:12","guid":{"rendered":"https:\/\/eldiariodesanpedro.com.ar\/sitio\/?p=30509"},"modified":"2018-03-19T20:22:12","modified_gmt":"2018-03-19T23:22:12","slug":"un-aprehendido-por-pedido-de-paradero-activo","status":"publish","type":"post","link":"https:\/\/eldiariodesanpedro.com.ar\/sitio\/un-aprehendido-por-pedido-de-paradero-activo\/","title":{"rendered":"Un aprehendido por pedido de paradero activo"},"content":{"rendered":"<p><!-- VideographyWP Plugin Message: Automatic video embedding prevented by plugin options. --><br \/>\nEste domingo, el personal policial en Calle Saavedra y Combate de Obligado, procedi\u00f3 a la identificaci\u00f3n de un hombre de 65 a\u00f1os, logr\u00e1ndose establecer que sobre \u00e9l pesaba un \u00abpedido de paradero activo\u00bb desde el 3 de enero de 2016 solicitado por la UFI N\u00b0 11 de la localidad de San Mart\u00edn.<br \/>\n  Por tal motivo fue trasladado a la seccional policial.<\/p>\n","protected":false},"excerpt":{"rendered":"<p>Este domingo, el personal policial en Calle Saavedra y Combate de Obligado, procedi\u00f3 a la identificaci\u00f3n de un hombre de 65 a\u00f1os, logr\u00e1ndose establecer que sobre \u00e9l pesaba un \u00abpedido de paradero activo\u00bb desde el 3 de enero de 2016 solicitado por la UFI N\u00b0 11 de la localidad de San Mart\u00edn. Por tal motivo [&hellip;]<\/p>\n","protected":false},"author":4,"featured_media":20034,"comment_status":"open","ping_status":"closed","sticky":false,"template":"","format":"standard","meta":{"om_disable_all_campaigns":false,"_jetpack_memberships_contains_paid_content":false,"footnotes":""},"categories":[2,103],"tags":[],"class_list":["post-30509","post","type-post","status-publish","format-standard","has-post-thumbnail","hentry","category-locales","category-policiales-locales"],"aioseo_notices":[],"gutentor_comment":0,"jetpack_featured_media_url":"https:\/\/eldiariodesanpedro.com.ar\/sitio\/wp-content\/uploads\/2017\/06\/detenido-3.jpg","jetpack_shortlink":"https:\/\/wp.me\/p6RhLt-7W5","jetpack_sharing_enabled":true,"_links":{"self":[{"href":"https:\/\/eldiariodesanpedro.com.ar\/sitio\/wp-json\/wp\/v2\/posts\/30509","targetHints":{"allow":["GET"]}}],"collection":[{"href":"https:\/\/eldiariodesanpedro.com.ar\/sitio\/wp-json\/wp\/v2\/posts"}],"about":[{"href":"https:\/\/eldiariodesanpedro.com.ar\/sitio\/wp-json\/wp\/v2\/types\/post"}],"author":[{"embeddable":true,"href":"https:\/\/eldiariodesanpedro.com.ar\/sitio\/wp-json\/wp\/v2\/users\/4"}],"replies":[{"embeddable":true,"href":"https:\/\/eldiariodesanpedro.com.ar\/sitio\/wp-json\/wp\/v2\/comments?post=30509"}],"version-history":[{"count":2,"href":"https:\/\/eldiariodesanpedro.com.ar\/sitio\/wp-json\/wp\/v2\/posts\/30509\/revisions"}],"predecessor-version":[{"id":30514,"href":"https:\/\/eldiariodesanpedro.com.ar\/sitio\/wp-json\/wp\/v2\/posts\/30509\/revisions\/30514"}],"wp:featuredmedia":[{"embeddable":true,"href":"https:\/\/eldiariodesanpedro.com.ar\/sitio\/wp-json\/wp\/v2\/media\/20034"}],"wp:attachment":[{"href":"https:\/\/eldiariodesanpedro.com.ar\/sitio\/wp-json\/wp\/v2\/media?parent=30509"}],"wp:term":[{"taxonomy":"category","embeddable":true,"href":"https:\/\/eldiariodesanpedro.com.ar\/sitio\/wp-json\/wp\/v2\/categories?post=30509"},{"taxonomy":"post_tag","embeddable":true,"href":"https:\/\/eldiariodesanpedro.com.ar\/sitio\/wp-json\/wp\/v2\/tags?post=30509"}],"curies":[{"name":"wp","href":"https:\/\/api.w.org\/{rel}","templated":true}]}}