{"id":30498,"date":"2018-03-18T20:44:26","date_gmt":"2018-03-18T23:44:26","guid":{"rendered":"https:\/\/eldiariodesanpedro.com.ar\/sitio\/?p=30498"},"modified":"2018-03-18T20:44:26","modified_gmt":"2018-03-18T23:44:26","slug":"san-nicolas-capturaron-a-un-presunto-remisero-narco","status":"publish","type":"post","link":"https:\/\/eldiariodesanpedro.com.ar\/sitio\/san-nicolas-capturaron-a-un-presunto-remisero-narco\/","title":{"rendered":"SAN NICOL\u00c1S: Capturaron a un presunto \u201cremisero narco\u201d"},"content":{"rendered":"<p><!-- VideographyWP Plugin Message: Automatic video embedding prevented by plugin options. --><br \/>\nPersonal de la UFI Nro. 1 junto a efectivos de la Polic\u00eda Federal, realizaron una ardua tarea de investigaci\u00f3n sobre un presunto remisero que usar\u00eda su actividad para vender estupefacientes. Luego de un allanamiento se concret\u00f3 su aprehensi\u00f3n y se le secuestr\u00f3 coca\u00edna lista para la venta.<\/p>\n<p>  Instructores judiciales de la UFI Nro. 1 a cargo del Dr. Patricio M\u00fagica D\u00edaz y personal de la Polic\u00eda Federal, a partir de enero empezaron a investigar a un sujeto que trabajaba en una remisera c\u00e9ntrica y que aparentemente, vend\u00eda coca\u00edna. <\/p>\n<p>  Comenzaron a seguirlo y ve\u00edan en la investigaci\u00f3n que pactaba viajes que nunca hac\u00eda. Generalmente no lo llamaban para que vaya a un domicilio en particular sino que, en realidad, lo convocaban para presentarse en alg\u00fan lugar pactado de la ciudad, normalmente en cercan\u00edas de la remisera, por la zona de la cl\u00ednica UOM. Este sujeto iba en un Clio gris, el \u201ccliente\u201d se acercaba, sub\u00eda al auto y a los 30 o 40 metros se bajaba. El remis se iba y el sujeto volv\u00eda caminando. Ah\u00ed los efectivos de la Federal, que hac\u00edan las tareas de observaci\u00f3n, se daban cuenta que estaban atr\u00e1s de alguien que lo que menos hacia eran viajes de remis. Se pudo observar esta acci\u00f3n repetirse asiduamente. Asimismo, los investigadores observaron que su domicilio ten\u00eda muchos cambios, iba mejorando notablemente. El sujeto reside en calle Del Forno en barrio San Francisco y continuamente se ve\u00edan alba\u00f1iles, \u201cSi lo compar\u00e1bamos con las fotos de Google Maps de dos a\u00f1os atr\u00e1s vimos que no ten\u00eda nada que ver el aspecto de la casa. Tambi\u00e9n averiguamos en la Municipalidad y nos enteramos que \u00e9l no estaba inscripto como remisero, pero si el auto\u201d coment\u00f3 el instructor judicial De la Torre a EL NORTE.<\/p>\n<p><strong>Allanamiento<\/strong><br \/>\n  La mec\u00e1nica se repet\u00eda, el investigado llegaba en su moto a la remisera y se pod\u00eda ver que despu\u00e9s de varios supuestos viajes iba y buscaba algo en la moto. El viernes a la noche, con pedido de allanamiento otorgado por el Juez Prati, agentes de la UFI Nro. 1 con la Polic\u00eda Federal, irrumpieron y encontraron a un sujeto que podr\u00eda tratarse de un cliente. \u201cIrrumpimos, aprehendimos al investigado y logramos secuestrar 41 envoltorios de medio gramo de coca\u00edna, que hac\u00edan m\u00e1s de 21 gramos de coca\u00edna en total, m\u00e1s dinero en efectivo\u201d, cont\u00f3 el instructor y agreg\u00f3 \u201cAh\u00ed nos dimos cuenta como se encontraba viviendo este sujeto. La casa estaba llena de electrodom\u00e9sticos, equipos de m\u00fasica, televisores, todos nuevos, de mucho dinero, cosa que no condice con su actividad como remisero. El mismo qued\u00f3 aprehendido\u201d.<\/p>\n<p>Fuente: Diario El Norte<\/p>\n","protected":false},"excerpt":{"rendered":"<p>Personal de la UFI Nro. 1 junto a efectivos de la Polic\u00eda Federal, realizaron una ardua tarea de investigaci\u00f3n sobre un presunto remisero que usar\u00eda su actividad para vender estupefacientes. Luego de un allanamiento se concret\u00f3 su aprehensi\u00f3n y se le secuestr\u00f3 coca\u00edna lista para la venta. Instructores judiciales de la UFI Nro. 1 a [&hellip;]<\/p>\n","protected":false},"author":4,"featured_media":30501,"comment_status":"open","ping_status":"closed","sticky":false,"template":"","format":"standard","meta":{"om_disable_all_campaigns":false,"_jetpack_memberships_contains_paid_content":false,"footnotes":""},"categories":[621],"tags":[],"class_list":["post-30498","post","type-post","status-publish","format-standard","has-post-thumbnail","hentry","category-regionales"],"aioseo_notices":[],"gutentor_comment":0,"jetpack_featured_media_url":"https:\/\/eldiariodesanpedro.com.ar\/sitio\/wp-content\/uploads\/2018\/03\/imagen-del-allanamiento.jpg","jetpack_shortlink":"https:\/\/wp.me\/p6RhLt-7VU","jetpack_sharing_enabled":true,"_links":{"self":[{"href":"https:\/\/eldiariodesanpedro.com.ar\/sitio\/wp-json\/wp\/v2\/posts\/30498","targetHints":{"allow":["GET"]}}],"collection":[{"href":"https:\/\/eldiariodesanpedro.com.ar\/sitio\/wp-json\/wp\/v2\/posts"}],"about":[{"href":"https:\/\/eldiariodesanpedro.com.ar\/sitio\/wp-json\/wp\/v2\/types\/post"}],"author":[{"embeddable":true,"href":"https:\/\/eldiariodesanpedro.com.ar\/sitio\/wp-json\/wp\/v2\/users\/4"}],"replies":[{"embeddable":true,"href":"https:\/\/eldiariodesanpedro.com.ar\/sitio\/wp-json\/wp\/v2\/comments?post=30498"}],"version-history":[{"count":1,"href":"https:\/\/eldiariodesanpedro.com.ar\/sitio\/wp-json\/wp\/v2\/posts\/30498\/revisions"}],"predecessor-version":[{"id":30502,"href":"https:\/\/eldiariodesanpedro.com.ar\/sitio\/wp-json\/wp\/v2\/posts\/30498\/revisions\/30502"}],"wp:featuredmedia":[{"embeddable":true,"href":"https:\/\/eldiariodesanpedro.com.ar\/sitio\/wp-json\/wp\/v2\/media\/30501"}],"wp:attachment":[{"href":"https:\/\/eldiariodesanpedro.com.ar\/sitio\/wp-json\/wp\/v2\/media?parent=30498"}],"wp:term":[{"taxonomy":"category","embeddable":true,"href":"https:\/\/eldiariodesanpedro.com.ar\/sitio\/wp-json\/wp\/v2\/categories?post=30498"},{"taxonomy":"post_tag","embeddable":true,"href":"https:\/\/eldiariodesanpedro.com.ar\/sitio\/wp-json\/wp\/v2\/tags?post=30498"}],"curies":[{"name":"wp","href":"https:\/\/api.w.org\/{rel}","templated":true}]}}